{"id":87115,"date":"2019-06-01T14:12:06","date_gmt":"2019-06-01T12:12:06","guid":{"rendered":"https:\/\/zjarr.tv\/?p=87115"},"modified":"2019-06-01T14:12:06","modified_gmt":"2019-06-01T12:12:06","slug":"negociatat-ministri-gjerman-shqiperia-te-mbeshtetemi-ne-fakte","status":"publish","type":"post","link":"https:\/\/zjarr.tv\/en\/negociatat-ministri-gjerman-shqiperia-te-mbeshtetemi-ne-fakte\/","title":{"rendered":"Negociatat\/ Ministri gjerman: Shqip\u00ebria, t\u00eb mb\u00ebshtetemi n\u00eb fakte"},"content":{"rendered":"<p>Ministri i Shtetit p\u00ebr Europ\u00ebn i Gjermanis\u00eb, Michael Roth ka reaguar s\u00ebrish n\u00eb lidhje me integrimin e Shqip\u00ebris\u00eb n\u00eb BE.<\/p>\n<p>Duke mb\u00ebshtetur \u00e7eljen e negociatave t\u00eb Shqip\u00ebris\u00eb me BE-n\u00eb, Roth shprehet n\u00eb rrjetet sociale se si p\u00ebr Shqip\u00ebrin\u00eb ashtu edhe p\u00ebr Maqedonin\u00eb duhet t\u00eb shprehemi me fakte.<\/p>\n<p>\u201cMinistri i Shtetit p\u00ebr Europ\u00ebn i Gjermanis\u00eb, Michael Roth: P\u00ebr Maqedonin\u00eb e Veriut dhe Shqip\u00ebrin\u00eb ne duhet t\u00eb mb\u00ebshtetemi n\u00eb fakte dhe n\u00eb ndershm\u00ebri. BE dhe Gjermania kan\u00eb shum\u00eb p\u00ebr t\u00eb humbur\u201d- shkruan ai.<\/p>\n<p>&nbsp;<\/p>","protected":false},"excerpt":{"rendered":"<p>Ministri i Shtetit p\u00ebr Europ\u00ebn i Gjermanis\u00eb, Michael Roth ka reaguar s\u00ebrish n\u00eb lidhje me integrimin e Shqip\u00ebris\u00eb n\u00eb BE. Duke mb\u00ebshtetur \u00e7eljen e negociatave t\u00eb Shqip\u00ebris\u00eb me BE-n\u00eb, Roth shprehet n\u00eb rrjetet sociale se si p\u00ebr Shqip\u00ebrin\u00eb ashtu edhe p\u00ebr Maqedonin\u00eb duhet t\u00eb shprehemi me fakte. \u201cMinistri i Shtetit p\u00ebr Europ\u00ebn i Gjermanis\u00eb, Michael [&hellip;]<\/p>\n","protected":false},"author":2013,"featured_media":87116,"comment_status":"open","ping_status":"closed","sticky":false,"template":"","format":"standard","meta":{"footnotes":""},"categories":[241,235],"tags":[],"class_list":{"0":"post-87115","1":"post","2":"type-post","3":"status-publish","4":"format-standard","5":"has-post-thumbnail","7":"category-aktualitet","8":"category-vendi"},"_links":{"self":[{"href":"https:\/\/zjarr.tv\/en\/wp-json\/wp\/v2\/posts\/87115","targetHints":{"allow":["GET"]}}],"collection":[{"href":"https:\/\/zjarr.tv\/en\/wp-json\/wp\/v2\/posts"}],"about":[{"href":"https:\/\/zjarr.tv\/en\/wp-json\/wp\/v2\/types\/post"}],"author":[{"embeddable":true,"href":"https:\/\/zjarr.tv\/en\/wp-json\/wp\/v2\/users\/2013"}],"replies":[{"embeddable":true,"href":"https:\/\/zjarr.tv\/en\/wp-json\/wp\/v2\/comments?post=87115"}],"version-history":[{"count":0,"href":"https:\/\/zjarr.tv\/en\/wp-json\/wp\/v2\/posts\/87115\/revisions"}],"wp:featuredmedia":[{"embeddable":true,"href":"https:\/\/zjarr.tv\/en\/wp-json\/wp\/v2\/media\/87116"}],"wp:attachment":[{"href":"https:\/\/zjarr.tv\/en\/wp-json\/wp\/v2\/media?parent=87115"}],"wp:term":[{"taxonomy":"category","embeddable":true,"href":"https:\/\/zjarr.tv\/en\/wp-json\/wp\/v2\/categories?post=87115"},{"taxonomy":"post_tag","embeddable":true,"href":"https:\/\/zjarr.tv\/en\/wp-json\/wp\/v2\/tags?post=87115"}],"curies":[{"name":"wp","href":"https:\/\/api.w.org\/{rel}","templated":true}]}}