{"id":87124,"date":"2019-06-01T14:17:12","date_gmt":"2019-06-01T12:17:12","guid":{"rendered":"https:\/\/zjarr.tv\/?p=87124"},"modified":"2019-06-01T14:17:12","modified_gmt":"2019-06-01T12:17:12","slug":"manastirliu-feste-me-te-vegjlit-e-shtepive-te-femijeve-e-pediatri","status":"publish","type":"post","link":"https:\/\/zjarr.tv\/en\/manastirliu-feste-me-te-vegjlit-e-shtepive-te-femijeve-e-pediatri\/","title":{"rendered":"Manastirliu fest\u00eb me t\u00eb vegjlit e Sht\u00ebpive t\u00eb F\u00ebmij\u00ebve e Pediatri"},"content":{"rendered":"<p>Ministria e Sh\u00ebndet\u00ebsis\u00eb dhe Mbrojtjes Sociale, n\u00eb kuad\u00ebr t\u00eb 1 Qershorit organizoi disa aktivitete me f\u00ebmij\u00ebt pa kujdes prind\u00ebror dhe f\u00ebmij\u00ebt e shtruar n\u00eb qendrat spitalore.<\/p>\n<p>Ministrja Manastirliu festoi paraditen e sotme me t\u00eb vegjlit e Sht\u00ebpis\u00eb s\u00eb F\u00ebmij\u00ebs 0-6 vje\u00e7 \u201cHanna dhe Rozafa\u201d dhe f\u00ebmij\u00ebt e \u201cZyber Hallullit\u201d, n\u00eb nj\u00eb aktivitet t\u00eb organizuar enkas p\u00ebr ta.<\/p>\n<p>\u201cPo punojm\u00eb \u00e7do dit\u00eb p\u00ebr fuqizimin e familljeve me q\u00ebllim q\u00eb k\u00ebta f\u00ebmij\u00eb t\u00eb rikthehen n\u00eb familjet biologjike dhe n\u00eb rastet kur kjo nuk \u00ebsht\u00eb e mundur, p\u00ebr t\u2019u ofruar kujdes alternativ, n\u00ebp\u00ebrmjet identifikimit t\u00eb familjeve kujdestare\u201d \u2013 tha Ministrja Manastirliu.<\/p>\n<p>Ministrja e Sh\u00ebndet\u00ebsis\u00eb dhe Mbrojtjes Sociale ishte e pranishme dhe n\u00eb fest\u00ebn e organizuar n\u00eb Spitalin Pediatrik n\u00eb QSUT, ku u uroi f\u00ebmij\u00ebve sh\u00ebrim t\u00eb shpejt\u00eb. Ministrja Manastirliu b\u00ebri apel q\u00eb t\u00eb gjith\u00eb s\u00eb bashku t\u00eb b\u00ebjm\u00eb m\u00eb shum\u00eb p\u00ebr kujdesin social dhe sh\u00ebndet\u00ebsor t\u00eb f\u00ebmij\u00ebve, q\u00eb ata t\u00eb rriten t\u00eb lumtur dhe pa u munguar asgj\u00eb.<\/p>\n<p>&nbsp;<\/p>","protected":false},"excerpt":{"rendered":"<p>Ministria e Sh\u00ebndet\u00ebsis\u00eb dhe Mbrojtjes Sociale, n\u00eb kuad\u00ebr t\u00eb 1 Qershorit organizoi disa aktivitete me f\u00ebmij\u00ebt pa kujdes prind\u00ebror dhe f\u00ebmij\u00ebt e shtruar n\u00eb qendrat spitalore. Ministrja Manastirliu festoi paraditen e sotme me t\u00eb vegjlit e Sht\u00ebpis\u00eb s\u00eb F\u00ebmij\u00ebs 0-6 vje\u00e7 \u201cHanna dhe Rozafa\u201d dhe f\u00ebmij\u00ebt e \u201cZyber Hallullit\u201d, n\u00eb nj\u00eb aktivitet t\u00eb organizuar enkas [&hellip;]<\/p>\n","protected":false},"author":2013,"featured_media":87125,"comment_status":"open","ping_status":"closed","sticky":false,"template":"","format":"standard","meta":{"footnotes":""},"categories":[241,235],"tags":[],"class_list":{"0":"post-87124","1":"post","2":"type-post","3":"status-publish","4":"format-standard","5":"has-post-thumbnail","7":"category-aktualitet","8":"category-vendi"},"_links":{"self":[{"href":"https:\/\/zjarr.tv\/en\/wp-json\/wp\/v2\/posts\/87124","targetHints":{"allow":["GET"]}}],"collection":[{"href":"https:\/\/zjarr.tv\/en\/wp-json\/wp\/v2\/posts"}],"about":[{"href":"https:\/\/zjarr.tv\/en\/wp-json\/wp\/v2\/types\/post"}],"author":[{"embeddable":true,"href":"https:\/\/zjarr.tv\/en\/wp-json\/wp\/v2\/users\/2013"}],"replies":[{"embeddable":true,"href":"https:\/\/zjarr.tv\/en\/wp-json\/wp\/v2\/comments?post=87124"}],"version-history":[{"count":0,"href":"https:\/\/zjarr.tv\/en\/wp-json\/wp\/v2\/posts\/87124\/revisions"}],"wp:featuredmedia":[{"embeddable":true,"href":"https:\/\/zjarr.tv\/en\/wp-json\/wp\/v2\/media\/87125"}],"wp:attachment":[{"href":"https:\/\/zjarr.tv\/en\/wp-json\/wp\/v2\/media?parent=87124"}],"wp:term":[{"taxonomy":"category","embeddable":true,"href":"https:\/\/zjarr.tv\/en\/wp-json\/wp\/v2\/categories?post=87124"},{"taxonomy":"post_tag","embeddable":true,"href":"https:\/\/zjarr.tv\/en\/wp-json\/wp\/v2\/tags?post=87124"}],"curies":[{"name":"wp","href":"https:\/\/api.w.org\/{rel}","templated":true}]}}