{"id":87142,"date":"2019-06-01T14:47:16","date_gmt":"2019-06-01T12:47:16","guid":{"rendered":"https:\/\/zjarr.tv\/?p=87142"},"modified":"2019-06-01T14:47:16","modified_gmt":"2019-06-01T12:47:16","slug":"merr-flake-makina-afer-qendres-tregtare-panik-ne-durres","status":"publish","type":"post","link":"https:\/\/zjarr.tv\/en\/merr-flake-makina-afer-qendres-tregtare-panik-ne-durres\/","title":{"rendered":"Merr flak\u00eb makina af\u00ebr qendr\u00ebs tregtare, panik n\u00eb Durr\u00ebs"},"content":{"rendered":"<p>Nj\u00eb automjet tip Volkswagen Passat \u00ebsht\u00eb p\u00ebrfshir\u00eb nga flak\u00ebt pak momente m\u00eb par\u00eb n\u00eb qytetin e Durr\u00ebsit. Paraprakisht m\u00ebsohet se mjeti \u00ebsht\u00eb n\u00eb pron\u00ebsi t\u00eb shtetasit Dorian Bregu, nd\u00ebrsa shkaqet e zjarrit q\u00eb i shkrumboi mjetin jan\u00eb ende t\u00eb paqarta.<\/p>\n<p>Policia dhe zjarrfik\u00ebset kan\u00eb mb\u00ebrritur n\u00eb vendngjarje dhe po hetojn\u00eb p\u00ebr rastin n\u00eb fjal\u00eb. Paraprakisht sqarohet se zjarri mund t\u00eb jet\u00eb shkaktuar nga nj\u00eb difekt elektrik. (foto ilustruese)<\/p>\n<p>NJOFTIMI I POLICISE<br \/>\nDurr\u00ebs\/Informacion Paraprak<\/p>\n<p>M\u00eb dat\u00eb 01.06.2019, rreth or\u00ebs 14:20, n\u00eb lagjen Nr.4, Durr\u00ebs , ka r\u00ebn\u00eb zjarr n\u00eb ecje dhe \u00ebsht\u00eb djegur pjes\u00ebrisht automjetin n\u00eb pron\u00ebsi t\u00eb shtetasit D.B.,34 vje\u00e7, banues n\u00eb Arapaj.<\/p>\n<p>Nga hetimet parpake dyshohet se zjarri ka q\u00ebn\u00eb aksidental i shkaktuar nga nj\u00eb difekt elektrik.<\/p>\n<p>Grupi Hetimor vijon pun\u00ebn p\u00ebr zbardhjen e plot\u00eb t\u00eb ngjarjes.<\/p>\n<p>&nbsp;<\/p>","protected":false},"excerpt":{"rendered":"<p>Nj\u00eb automjet tip Volkswagen Passat \u00ebsht\u00eb p\u00ebrfshir\u00eb nga flak\u00ebt pak momente m\u00eb par\u00eb n\u00eb qytetin e Durr\u00ebsit. Paraprakisht m\u00ebsohet se mjeti \u00ebsht\u00eb n\u00eb pron\u00ebsi t\u00eb shtetasit Dorian Bregu, nd\u00ebrsa shkaqet e zjarrit q\u00eb i shkrumboi mjetin jan\u00eb ende t\u00eb paqarta. Policia dhe zjarrfik\u00ebset kan\u00eb mb\u00ebrritur n\u00eb vendngjarje dhe po hetojn\u00eb p\u00ebr rastin n\u00eb fjal\u00eb. Paraprakisht [&hellip;]<\/p>\n","protected":false},"author":2013,"featured_media":50119,"comment_status":"open","ping_status":"closed","sticky":false,"template":"","format":"standard","meta":{"footnotes":""},"categories":[241,235],"tags":[],"class_list":{"0":"post-87142","1":"post","2":"type-post","3":"status-publish","4":"format-standard","5":"has-post-thumbnail","7":"category-aktualitet","8":"category-vendi"},"_links":{"self":[{"href":"https:\/\/zjarr.tv\/en\/wp-json\/wp\/v2\/posts\/87142","targetHints":{"allow":["GET"]}}],"collection":[{"href":"https:\/\/zjarr.tv\/en\/wp-json\/wp\/v2\/posts"}],"about":[{"href":"https:\/\/zjarr.tv\/en\/wp-json\/wp\/v2\/types\/post"}],"author":[{"embeddable":true,"href":"https:\/\/zjarr.tv\/en\/wp-json\/wp\/v2\/users\/2013"}],"replies":[{"embeddable":true,"href":"https:\/\/zjarr.tv\/en\/wp-json\/wp\/v2\/comments?post=87142"}],"version-history":[{"count":0,"href":"https:\/\/zjarr.tv\/en\/wp-json\/wp\/v2\/posts\/87142\/revisions"}],"wp:featuredmedia":[{"embeddable":true,"href":"https:\/\/zjarr.tv\/en\/wp-json\/wp\/v2\/media\/50119"}],"wp:attachment":[{"href":"https:\/\/zjarr.tv\/en\/wp-json\/wp\/v2\/media?parent=87142"}],"wp:term":[{"taxonomy":"category","embeddable":true,"href":"https:\/\/zjarr.tv\/en\/wp-json\/wp\/v2\/categories?post=87142"},{"taxonomy":"post_tag","embeddable":true,"href":"https:\/\/zjarr.tv\/en\/wp-json\/wp\/v2\/tags?post=87142"}],"curies":[{"name":"wp","href":"https:\/\/api.w.org\/{rel}","templated":true}]}}