{"id":87145,"date":"2019-06-01T15:02:27","date_gmt":"2019-06-01T13:02:27","guid":{"rendered":"https:\/\/zjarr.tv\/?p=87145"},"modified":"2019-06-01T15:02:27","modified_gmt":"2019-06-01T13:02:27","slug":"ish-zevendesministrja-e-financave-rama-nuk-eshte-udheheqes-refuzoni-votimet-pa-zgjedhje","status":"publish","type":"post","link":"https:\/\/zjarr.tv\/en\/ish-zevendesministrja-e-financave-rama-nuk-eshte-udheheqes-refuzoni-votimet-pa-zgjedhje\/","title":{"rendered":"Ish-z\u00ebvend\u00ebsministrja e Financave: Rama nuk \u00ebsht\u00eb udh\u00ebheq\u00ebs, refuzoni votimet pa zgjedhje!"},"content":{"rendered":"<p>Ish-z\u00ebvend\u00ebsministrja e Financave n\u00eb Qeverin\u00eb Rama, Irena Beqiraj, me nj\u00eb let\u00ebr t\u00eb hapur, \u00ebsht\u00eb shprehur m\u00eb ashp\u00ebr se kurr\u00eb nga ish-shefit t\u00eb saj.<\/p>\n<p>Keqqeverisja, mungesa e d\u00ebshir\u00ebs p\u00ebr t\u00eb biseduar me kund\u00ebrshtar\u00ebt, marrja n\u00ebn kontroll e insitucioneve dhe d\u00ebshtimi n\u00eb integrimin e vendit, jan\u00eb disa nga pikat ku ish- bashk\u00ebpun\u00ebtorja e Edi Ram\u00ebs p\u00ebrq\u00ebndrohet p\u00ebr t\u00eb b\u00ebr\u00eb thirrje q\u00eb ta refuzojm\u00eb k\u00ebt\u00eb politik\u00eb.<\/p>\n<p><strong>Ja letra e plot\u00eb:<\/strong><\/p>\n<p>Let\u00ebr e hapur popullit tim!<\/p>\n<p>I nderuar Shqiptar q\u00eb po lexon k\u00ebto rreshta,<br \/>\nVendosa t\u00eb shkruaj pik\u00ebrisht sot kur p\u00ebr vitin e dyt\u00eb rradhazi Komisioni Europian jep rekomandim pa kushte p\u00ebr hapjen e negociatave me Bashkimin Europian, nd\u00ebrkoh\u00eb q\u00eb Holanda i k\u00ebrkon po Komisionit kthimin e vizave p\u00ebr Shqiptar\u00ebt.<\/p>\n<p>Pik\u00ebrisht sot kur kreditimi n\u00eb ekonomi ka r\u00ebn\u00eb s\u00ebrisht p\u00ebr muajn Prill, por qeveria \u00ebsht\u00eb besim plot\u00eb, q\u00eb nj\u00eb kompani e mesme p\u00ebr nga madh\u00ebsia, mund t\u00eb marr\u00eb borxh 70 milion euro.<\/p>\n<p>Sot q\u00eb rritja e investimeve t\u00eb huaja \u00ebsht\u00eb e dukshme n\u00eb 1 milard lek\u00eb por q\u00eb fatkeq\u00ebsisht akoma k\u00ebto investime, shkojn\u00eb vet\u00ebm n\u00eb shfryt\u00ebzimin e pasurive natyrore q\u00eb kemi.<br \/>\nVendosa t\u00eb shkruaj sot sepse partia ime ku un\u00eb aderoj hap fushat\u00ebn e zgjedhjeve vendore, ku do t\u00eb valviten flamujt e fitores, nd\u00ebrsa opozita nes\u00ebr proteston q\u00eb nuk do t\u00eb k\u00ebt\u00eb zgjedhje dhe do t\u00eb cirret n\u00eb zem\u00ebrim.<\/p>\n<p>E mbase vendosa t\u00eb shkruaj sot, sepse \u00ebsht\u00eb periudh\u00eb ku letrat jan\u00eb marr\u00ebzisht n\u00eb mod\u00eb. Por fatkeq\u00ebsisht deri tani, jo si nj\u00eb m\u00ebnyr\u00eb reflektimi edhe p\u00ebrmbajtje p\u00ebr t\u00eb mos in th\u00ebn\u00eb fjal\u00ebt nxitimthi, por vijn\u00eb si justifikim i past\u00ebr i pavler\u00eb si kofini pas t\u00eb vjelit.<\/p>\n<p>Natyra na ka bekuar me pasuri me uj\u00eb e me Diell. Kemi gjith\u00e7ka q\u00eb kemi nevoj\u00eb! Vendet e zhvilluara do t\u00eb donin t\u00eb kishim shum\u00eb m\u00eb pak nga ato q\u00eb kemi dhe i harrojn\u00eb. T\u00eb pasur, por ne ende jetojm\u00eb n\u00eb zem\u00ebrim, urrejtje dhe varf\u00ebri. Hipokrizia ushqen makinat e lider\u00ebve tan\u00eb; propaganda dhe g\u00ebnjeshtra, formojn\u00eb mendimet tona. Lakmia, zilia dhe urrejtja i kan\u00eb skllav\u00ebruar mendjet tona. Ne mendojm\u00eb se e njohim armikun e v\u00ebrtet\u00eb, nd\u00ebrsa armiku i v\u00ebrtet\u00eb \u00ebsht\u00eb \u2018injoranca\u201d q\u00eb \u00ebsht\u00eb ulur k\u00ebmb\u00ebkryq n\u00eb partit\u00eb tona, n\u00eb institucionet tona, n\u00eb ekranet tona.<\/p>\n<p>Ju mendoni se kemi udh\u00ebheq\u00ebs? Ne nuk kemi udh\u00ebheq\u00ebs . E druaj se kurr\u00eb nuk kemi pasur. Ne kemi d\u00ebshtuar t\u00eb kuptojm\u00eb se cfar\u00eb e karakterizon nj\u00eb udh\u00ebheq\u00ebs.<\/p>\n<p>Nj\u00eb udh\u00ebheq\u00ebs nuk \u00ebsht\u00eb ai q\u00eb \u00ebsht\u00eb zgjedhur nga partia, p\u00ebr t\u00eb udh\u00ebhequr partin\u00eb , nuk \u00ebsht\u00eb ai q\u00eb \u00ebsht\u00eb zgjedhur p\u00ebr t\u00eb t\u00eb drejtuar qeverin\u00eb. Udh\u00ebheq\u00ebs \u00ebsht\u00eb ai q\u00eb \u00ebsht\u00eb i kujdessh\u00ebm me cdo fjal\u00eb q\u00eb nxjerr nga goja, me cdo vendim q\u00eb merr p\u00ebr vendin e tij. Udh\u00ebheqes \u00ebsht\u00eb ai q\u00eb p\u00ebr t\u00eb mbajtur popullin t\u00eb bashkuar \u00ebsht\u00eb i gatsh\u00ebm t\u00eb shp\u00ebrfill\u00eb propagand\u00ebn, dhe t\u00eb arrij\u00eb kompromise pa kushte.<\/p>\n<p>Udh\u00ebheqes \u00ebsht\u00eb ai q\u00eb nuk ka nevoj\u00eb t\u00eb k\u00ebrkoj\u00eb t\u00eb v\u00ebrtetat n\u00eb raportet e nd\u00ebrkomb\u00ebtareve, duke pritur d\u00ebshp\u00ebrimisht nj\u00eb fjal\u00eb t\u00eb mir\u00eb p\u00ebr pun\u00ebn e tij duke th\u00ebn\u00eb \u201c E shikoni kemi punuar!\u201d<\/p>\n<p>Udh\u00ebheq\u00ebs e burr\u00eb shteti \u00ebsht\u00eb ai q\u00eb ndahet nga pushteti \u201cme nj\u00eb ndarje p\u00ebr t\u00eb qen\u00eb\u201d edhe pse sic thot\u00eb Kadare p\u00ebr t\u00eb nd\u00ebrtuar nj\u00eb ndarje p\u00ebr t\u00eb q\u00ebn\u00eb \u00ebsht\u00eb m\u00eb v\u00ebshtir\u00eb se t\u00eb ngresh nj\u00eb piramid\u00eb \u201c<\/p>\n<p>Populli im, Uroj me gjith\u00eb shpirt q\u00eb Europa t\u00eb hap\u00eb negociatat p\u00ebr t\u00eb prur\u00eb sadopak shpres\u00eb nd\u00ebrnesh , p\u00ebr t\u00eb na ndihmuar t\u00eb gjejm\u00eb rrug\u00ebn e humbur, edhe pse n\u00eb ato negociata nuk do t\u00eb ulemi ball\u00eblart\u00eb e si pal\u00eb e barabart\u00eb me an\u00ebn tj\u00ebt\u00ebr t\u00eb tavolin\u00ebs, pasi do t\u00eb na duhen 4 dekada ( sipas Bankes Botrore ) p\u00ebr t\u00eb arritur standartin e tyre ekonomik e shoq\u00ebror. Dua pafund q\u00eb ajo der\u00eb t\u00eb hapet , megjith\u00ebse e di q\u00eb n\u00ebn udh\u00ebheqjen e politk\u00ebs s\u00eb sotme Europa nuk do t\u00eb j\u00ebt\u00eb shum\u00eb af\u00ebr p\u00ebr ne.<\/p>\n<p>N\u00ebse Lider\u00ebt e arsyes s\u00eb humbur, nuk gjejn\u00eb dot m\u00eb arsyen p\u00ebr tu ulur n\u00eb tavolin\u00ebn e kompromisit pa kushte duke na shpjeguar nj\u00ebri p\u00ebrse zgjedhjet nuk shtyhen e tjetri p\u00ebrse nuk do t\u00eb k\u00ebt\u00eb zgjedhje, ne duhet t\u2019i refuzojm\u00eb.<\/p>\n<p>Populli im, duhet ta refuzojme me qytetari k\u00ebt\u00eb politik\u00eb. Duhet t\u00eb refuzojm\u00eb hedhjen e bombave moltov , duhet t\u00eb refuzojm\u00eb djegjen qoft\u00eb edhe t\u00eb nj\u00eb fije bari e cila s\u00ebrisht do t\u00eb z\u00ebvend\u00ebsohet me parat\u00eb tona, si kurse duhet t\u00eb refuzojm\u00eb pa hezitim votimet pa zgjedhje.<\/p>\n<p>&nbsp;<\/p>","protected":false},"excerpt":{"rendered":"<p>Ish-z\u00ebvend\u00ebsministrja e Financave n\u00eb Qeverin\u00eb Rama, Irena Beqiraj, me nj\u00eb let\u00ebr t\u00eb hapur, \u00ebsht\u00eb shprehur m\u00eb ashp\u00ebr se kurr\u00eb nga ish-shefit t\u00eb saj. Keqqeverisja, mungesa e d\u00ebshir\u00ebs p\u00ebr t\u00eb biseduar me kund\u00ebrshtar\u00ebt, marrja n\u00ebn kontroll e insitucioneve dhe d\u00ebshtimi n\u00eb integrimin e vendit, jan\u00eb disa nga pikat ku ish- bashk\u00ebpun\u00ebtorja e Edi Ram\u00ebs p\u00ebrq\u00ebndrohet p\u00ebr [&hellip;]<\/p>\n","protected":false},"author":2013,"featured_media":87146,"comment_status":"open","ping_status":"closed","sticky":false,"template":"","format":"standard","meta":{"footnotes":""},"categories":[241,235],"tags":[],"class_list":{"0":"post-87145","1":"post","2":"type-post","3":"status-publish","4":"format-standard","5":"has-post-thumbnail","7":"category-aktualitet","8":"category-vendi"},"_links":{"self":[{"href":"https:\/\/zjarr.tv\/en\/wp-json\/wp\/v2\/posts\/87145","targetHints":{"allow":["GET"]}}],"collection":[{"href":"https:\/\/zjarr.tv\/en\/wp-json\/wp\/v2\/posts"}],"about":[{"href":"https:\/\/zjarr.tv\/en\/wp-json\/wp\/v2\/types\/post"}],"author":[{"embeddable":true,"href":"https:\/\/zjarr.tv\/en\/wp-json\/wp\/v2\/users\/2013"}],"replies":[{"embeddable":true,"href":"https:\/\/zjarr.tv\/en\/wp-json\/wp\/v2\/comments?post=87145"}],"version-history":[{"count":0,"href":"https:\/\/zjarr.tv\/en\/wp-json\/wp\/v2\/posts\/87145\/revisions"}],"wp:featuredmedia":[{"embeddable":true,"href":"https:\/\/zjarr.tv\/en\/wp-json\/wp\/v2\/media\/87146"}],"wp:attachment":[{"href":"https:\/\/zjarr.tv\/en\/wp-json\/wp\/v2\/media?parent=87145"}],"wp:term":[{"taxonomy":"category","embeddable":true,"href":"https:\/\/zjarr.tv\/en\/wp-json\/wp\/v2\/categories?post=87145"},{"taxonomy":"post_tag","embeddable":true,"href":"https:\/\/zjarr.tv\/en\/wp-json\/wp\/v2\/tags?post=87145"}],"curies":[{"name":"wp","href":"https:\/\/api.w.org\/{rel}","templated":true}]}}