{"id":87155,"date":"2019-06-01T15:45:16","date_gmt":"2019-06-01T13:45:16","guid":{"rendered":"https:\/\/zjarr.tv\/?p=87155"},"modified":"2019-06-01T15:45:16","modified_gmt":"2019-06-01T13:45:16","slug":"kmsh-mesazh-per-politiken-te-dialogojne-per-te-miren-e-kombit","status":"publish","type":"post","link":"https:\/\/zjarr.tv\/en\/kmsh-mesazh-per-politiken-te-dialogojne-per-te-miren-e-kombit\/","title":{"rendered":"KMSH mesazh p\u00ebr politik\u00ebn: T\u00eb dialogojn\u00eb p\u00ebr t\u00eb mir\u00ebn e kombit"},"content":{"rendered":"<p>Komuniteti Mysliman i Shqip\u00ebris\u00eb ka reaguar p\u00ebr situat\u00ebn politike n\u00eb vend, duke b\u00ebr\u00eb thirrje q\u00eb pal\u00ebt t\u00eb ulen n\u00eb tryez\u00eb dialogu. KMSH shprehet se pal\u00ebt duhet t\u00eb dialogojn\u00eb p\u00ebr t\u00eb mir\u00ebn e kombit shqiptar.<\/p>\n<p><strong>Deklarata e KMSH mbi situat\u00ebn politike n\u00eb vend:<\/strong><\/p>\n<p>Komuniteti Mysliman i Shqip\u00ebris\u00eb po ndjek me shqet\u00ebsim gjendjen e tensionuar n\u00eb vend gjat\u00eb dit\u00ebve t\u00eb fundit. Shqip\u00ebria \u00ebsht\u00eb shtet laik dhe ne e rrespektojm\u00eb me rigorozitet k\u00ebt\u00eb nocion, por kjo nuk na le pa p\u00ebrgjegj\u00ebsi p\u00ebr gjendjen e popullit shqiptar, qofshin besimtar\u00ebt tan\u00eb, t\u00eb besimeve t\u00eb ndryshme apo pa besim.<\/p>\n<p>Ne, n\u00eb k\u00ebt\u00eb Muaj t\u00eb Shenjt\u00eb, m\u00eb shum\u00eb se n\u00eb \u00e7do muaj tjet\u00ebr duhet t\u00eb lutemi p\u00ebr paqe. Ky muaj \u00ebsht\u00eb muaji i m\u00ebshir\u00ebs, toleranc\u00ebs dhe reflektimit. I b\u00ebjm\u00eb thirrje t\u00eb barabart\u00eb forcave t\u00eb p\u00ebrfshira n\u00eb k\u00ebt\u00eb situat\u00eb t\u00ebnsioni jo t\u00eb k\u00ebndshme p\u00ebr vendin ton\u00eb, t\u00eb ulin gjakrat, t\u00eb ndalin gjuh\u00ebn e ashp\u00ebr n\u00eb diskurin e tyre publik, dhe p\u00ebr t\u00eb mir\u00ebn e kombit, mb\u00ebshtet\u00ebsve t\u00eb tyre, t\u00eb ulen t\u00eb dialogojn\u00eb.<\/p>\n<p>Politika t\u00eb marr\u00eb shembull nga harmonia dhe dialogu i feve n\u00eb Shqip\u00ebri, t\u00eb jen\u00eb m\u00eb shum\u00eb bashk\u00ebpunues me nj\u00ebri-tjetrin. Ashtu si\u00e7 politika krenohet me harmonin\u00eb fetare n\u00ebp\u00ebr bot\u00eb, le t\u00eb tregoj\u00eb se di t\u00eb jet\u00eb edhe vet\u00eb shembull e p\u00ebr\u00e7uese e k\u00ebtyre vlerave demokratike. T\u00eb ulen t\u00eb gjejn\u00eb zgjidhje n\u00eb dobi t\u00eb popullit shqiptar.<\/p>\n<p>Ne i b\u00ebjm\u00eb thirrje popullit shqiptar, n\u00eb ve\u00e7anti besimtar\u00ebve tan\u00eb, n\u00eb cil\u00ebn do bindje qofshi, rrini larg dhun\u00ebs dhe konfliktualitetit. Jini shembull p\u00ebr t\u00eb tjer\u00ebt n\u00eb situata t\u00eb tilla, kini parasysh porosit\u00eb e fes\u00eb ton\u00eb dhe t\u00eb profetit ton\u00eb. Ruani qet\u00ebsin\u00eb, reflektoni, shp\u00ebrndani paqe midis jush, shp\u00ebrndani paqe edhe ndaj atyre q\u00eb kan\u00eb mendime t\u00eb ndryshme nga ju.<\/p>\n<p>I lutemi Zoti n\u00eb p\u00ebrfundim t\u00eb ketij Muaji t\u00eb Shenjt\u00eb t\u00eb na fal\u00eb, t\u00eb na m\u00ebshiroj\u00eb, t\u00eb na ruaj\u00eb nga trazirat, t\u00eb na ruaj\u00eb nga konfliktet.<\/p>\n<p>&nbsp;<\/p>","protected":false},"excerpt":{"rendered":"<p>Komuniteti Mysliman i Shqip\u00ebris\u00eb ka reaguar p\u00ebr situat\u00ebn politike n\u00eb vend, duke b\u00ebr\u00eb thirrje q\u00eb pal\u00ebt t\u00eb ulen n\u00eb tryez\u00eb dialogu. KMSH shprehet se pal\u00ebt duhet t\u00eb dialogojn\u00eb p\u00ebr t\u00eb mir\u00ebn e kombit shqiptar. Deklarata e KMSH mbi situat\u00ebn politike n\u00eb vend: Komuniteti Mysliman i Shqip\u00ebris\u00eb po ndjek me shqet\u00ebsim gjendjen e tensionuar n\u00eb vend [&hellip;]<\/p>\n","protected":false},"author":2013,"featured_media":87156,"comment_status":"open","ping_status":"closed","sticky":false,"template":"","format":"standard","meta":{"footnotes":""},"categories":[241,235],"tags":[],"class_list":{"0":"post-87155","1":"post","2":"type-post","3":"status-publish","4":"format-standard","5":"has-post-thumbnail","7":"category-aktualitet","8":"category-vendi"},"_links":{"self":[{"href":"https:\/\/zjarr.tv\/en\/wp-json\/wp\/v2\/posts\/87155","targetHints":{"allow":["GET"]}}],"collection":[{"href":"https:\/\/zjarr.tv\/en\/wp-json\/wp\/v2\/posts"}],"about":[{"href":"https:\/\/zjarr.tv\/en\/wp-json\/wp\/v2\/types\/post"}],"author":[{"embeddable":true,"href":"https:\/\/zjarr.tv\/en\/wp-json\/wp\/v2\/users\/2013"}],"replies":[{"embeddable":true,"href":"https:\/\/zjarr.tv\/en\/wp-json\/wp\/v2\/comments?post=87155"}],"version-history":[{"count":0,"href":"https:\/\/zjarr.tv\/en\/wp-json\/wp\/v2\/posts\/87155\/revisions"}],"wp:featuredmedia":[{"embeddable":true,"href":"https:\/\/zjarr.tv\/en\/wp-json\/wp\/v2\/media\/87156"}],"wp:attachment":[{"href":"https:\/\/zjarr.tv\/en\/wp-json\/wp\/v2\/media?parent=87155"}],"wp:term":[{"taxonomy":"category","embeddable":true,"href":"https:\/\/zjarr.tv\/en\/wp-json\/wp\/v2\/categories?post=87155"},{"taxonomy":"post_tag","embeddable":true,"href":"https:\/\/zjarr.tv\/en\/wp-json\/wp\/v2\/tags?post=87155"}],"curies":[{"name":"wp","href":"https:\/\/api.w.org\/{rel}","templated":true}]}}