{"id":87158,"date":"2019-06-01T15:47:02","date_gmt":"2019-06-01T13:47:02","guid":{"rendered":"https:\/\/zjarr.tv\/?p=87158"},"modified":"2019-06-01T15:47:02","modified_gmt":"2019-06-01T13:47:02","slug":"boci-nxjerr-fotot-ps-hap-fushaten-ne-elbasan-nis-blerja-e-votes","status":"publish","type":"post","link":"https:\/\/zjarr.tv\/en\/boci-nxjerr-fotot-ps-hap-fushaten-ne-elbasan-nis-blerja-e-votes\/","title":{"rendered":"Bo\u00e7i nxjerr fotot: PS hap fushat\u00ebn n\u00eb Elbasan, nis blerja e vot\u00ebs"},"content":{"rendered":"<p>Ish-deputeti i PD-s\u00eb, Lu\u00e7iano Bo\u00e7i p\u00ebrmes Facebook-ut poston disa foto, t\u00eb cilat sipas tij vijn\u00eb nga Elbasani. Bo\u00e7i thot\u00eb se fotot jan\u00eb shkrepur tek qendra ekonomike e arsimit, aty ku shp\u00ebrndahen ushqime p\u00ebr njer\u00ebz n\u00eb nevoj\u00eb me q\u00ebllim q\u00eb t\u2019ju marrin m\u00eb pas vot\u00ebn.<\/p>\n<p>POSTIMI I PLOTE<\/p>\n<p>SKANDAL!<br \/>\nJa si e hap fushat\u00ebn elektorale PS n\u00eb Elbasan.<br \/>\nFillon e blen vota q\u00eb dit\u00ebn e par\u00eb.<\/p>\n<p>Me an\u00eb t\u00eb Bashkis\u00eb me mbikqyrjen e policis\u00eb bashkiake, me lista, shp\u00ebrndajn\u00eb qeset me ushqime p\u00ebr t\u2019i marr\u00eb m\u00eb t\u00eb vobekt\u00ebve m\u00eb pas vot\u00ebn.<br \/>\nPamjet shokuese jan\u00eb marr\u00eb tek qendra ekonomike e arsimit.<br \/>\nGjith\u00e7ka n\u00eb mes t\u00eb dit\u00ebs e n\u00eb mes t\u00eb njer\u00ebzve.<br \/>\nI g\u00ebnjejn\u00eb me nj\u00eb grusht ushqimesh sot p\u00ebr t\u2019i marr\u00eb erzin, shpirtin, jet\u00ebn e gjith\u00e7ka nes\u00ebr, k\u00ebtyre e gjith\u00eb shqiptar\u00ebve.<br \/>\nKjo pra \u00ebsht\u00eb faza e par\u00eb e blerjes s\u00eb vot\u00ebs.<br \/>\nFaza e dyt\u00eb \u00ebsht\u00eb me para kesh n\u00eb dor\u00eb.<br \/>\nK\u00ebto jan\u00eb zgjedhjet demokratike q\u00eb k\u00ebrkon t\u00eb imponoj\u00eb regjimi!!!<\/p>\n<p>&nbsp;<\/p>","protected":false},"excerpt":{"rendered":"<p>Ish-deputeti i PD-s\u00eb, Lu\u00e7iano Bo\u00e7i p\u00ebrmes Facebook-ut poston disa foto, t\u00eb cilat sipas tij vijn\u00eb nga Elbasani. Bo\u00e7i thot\u00eb se fotot jan\u00eb shkrepur tek qendra ekonomike e arsimit, aty ku shp\u00ebrndahen ushqime p\u00ebr njer\u00ebz n\u00eb nevoj\u00eb me q\u00ebllim q\u00eb t\u2019ju marrin m\u00eb pas vot\u00ebn. POSTIMI I PLOTE SKANDAL! Ja si e hap fushat\u00ebn elektorale PS [&hellip;]<\/p>\n","protected":false},"author":2013,"featured_media":87159,"comment_status":"open","ping_status":"closed","sticky":false,"template":"","format":"standard","meta":{"footnotes":""},"categories":[241,235],"tags":[],"class_list":{"0":"post-87158","1":"post","2":"type-post","3":"status-publish","4":"format-standard","5":"has-post-thumbnail","7":"category-aktualitet","8":"category-vendi"},"_links":{"self":[{"href":"https:\/\/zjarr.tv\/en\/wp-json\/wp\/v2\/posts\/87158","targetHints":{"allow":["GET"]}}],"collection":[{"href":"https:\/\/zjarr.tv\/en\/wp-json\/wp\/v2\/posts"}],"about":[{"href":"https:\/\/zjarr.tv\/en\/wp-json\/wp\/v2\/types\/post"}],"author":[{"embeddable":true,"href":"https:\/\/zjarr.tv\/en\/wp-json\/wp\/v2\/users\/2013"}],"replies":[{"embeddable":true,"href":"https:\/\/zjarr.tv\/en\/wp-json\/wp\/v2\/comments?post=87158"}],"version-history":[{"count":0,"href":"https:\/\/zjarr.tv\/en\/wp-json\/wp\/v2\/posts\/87158\/revisions"}],"wp:featuredmedia":[{"embeddable":true,"href":"https:\/\/zjarr.tv\/en\/wp-json\/wp\/v2\/media\/87159"}],"wp:attachment":[{"href":"https:\/\/zjarr.tv\/en\/wp-json\/wp\/v2\/media?parent=87158"}],"wp:term":[{"taxonomy":"category","embeddable":true,"href":"https:\/\/zjarr.tv\/en\/wp-json\/wp\/v2\/categories?post=87158"},{"taxonomy":"post_tag","embeddable":true,"href":"https:\/\/zjarr.tv\/en\/wp-json\/wp\/v2\/tags?post=87158"}],"curies":[{"name":"wp","href":"https:\/\/api.w.org\/{rel}","templated":true}]}}