{"id":87172,"date":"2019-06-01T18:30:54","date_gmt":"2019-06-01T16:30:54","guid":{"rendered":"https:\/\/zjarr.tv\/?p=87172"},"modified":"2019-06-01T17:05:52","modified_gmt":"2019-06-01T15:05:52","slug":"lufte-mes-gjermanise-dhe-frances-brenda-be-se","status":"publish","type":"post","link":"https:\/\/zjarr.tv\/en\/lufte-mes-gjermanise-dhe-frances-brenda-be-se\/","title":{"rendered":"Luft\u00eb mes Gjermanis\u00eb dhe Franc\u00ebs brenda BE-s\u00eb?!"},"content":{"rendered":"<p>Fragmentarizimi politik i Parlamentit Evropian pas zgjedhjeve ndikon n\u00eb nd\u00ebrlikimin e raporteve t\u00eb pushtetit n\u00eb Evrop\u00eb. Disa v\u00ebzhgues shohin nj\u00eb duel midis Gjermanis\u00eb dhe Franc\u00ebs p\u00ebr postet kryesore n\u00eb Evrop\u00eb.<\/p>\n<p>&#8220;Luft\u00eb p\u00ebr pushtet n\u00eb Evrop\u00eb&#8221;, &#8220;Duel midis Merkelit dhe Macronit p\u00ebr postet kryesore evropiane&#8221;. Tituj mediatik\u00eb t\u00eb till\u00eb sigurisht synojn\u00eb t\u00eb t\u00ebrheqin v\u00ebmendjen. N\u00eb fund t\u00eb fundit, n\u00eb postet kryesore drejtuese t\u00eb BE zgjidhen periodikisht p\u00ebrfaq\u00ebsues t\u00eb rinj nga shtete t\u00eb ndryshme evropiane.<\/p>\n<p>Konkretisht \u00ebsht\u00eb fjala p\u00ebr zgjedhjen e posteve kryesore politike n\u00eb Evrop\u00ebn e Bashkuar. Ose t\u00eb posteve me ndikim te politika n\u00eb Evrop\u00eb: p\u00ebr zgjedhjen e Presidentit t\u00eb Komisionit Evropian &#8211; si t\u00eb thuash t\u00eb kryetarit t\u00eb qeveris\u00eb s\u00eb Evrop\u00ebs; t\u00eb Presidentit t\u00eb K\u00ebshillit Evropian, ku jan\u00eb t\u00eb p\u00ebrfaq\u00ebsuar kryetar\u00ebt e qeverive e shteteve evropiane; t\u00eb Presidentit t\u00eb Parlamentit Evropian, ku mblidhen deputet\u00ebt e zgjedhur n\u00eb shtetet an\u00ebtare; posti i t\u00eb Ngarkuarit t\u00eb Politik\u00ebs s\u00eb jashtme t\u00eb BE &#8211; n\u00eb nj\u00ebfar\u00eb m\u00ebnyre, ministri i Jasht\u00ebm i Evrop\u00ebs; si dhe t\u00eb Presidentit t\u00eb Bank\u00ebs Qendrore Evropiane &#8211; q\u00eb vendos p\u00ebr politik\u00ebn monetare n\u00eb zon\u00ebn e euros.<\/p>\n<p>K\u00ebt\u00eb her\u00eb e gjitha t\u00ebrheq v\u00ebmendjen m\u00eb fort n\u00eb Gjermani e Franc\u00eb, sepse Franca kund\u00ebrshton kandidatin e Partis\u00eb Popullore Evropiane, konservatore, n\u00eb Parlamentin Evropian, gjermanin Manfred \u00cbeber. Kurse Gjermania e ka deklaruar at\u00eb si kandidatin m\u00eb t\u00eb mir\u00eb dhe e mb\u00ebshtet. Konservator\u00ebt e PPE v\u00ebrtet e humb\u00ebn n\u00eb k\u00ebto zgjedhje evropiane shumic\u00ebn absolute n\u00eb Parlamentin Evropian, por s\u00ebrish jan\u00eb grupi m\u00eb i madh parlamentar. Dhe tradicionalisht nga grupi m\u00eb i madh parlamentar del Presidenti i Komisionit.<\/p>\n<p>Shanset q\u00eb Gjermania ta imponoj\u00eb zgjedhjen e \u00cbeberit &#8211; jo t\u00eb m\u00ebdha<\/p>\n<p>K\u00ebto shanse jan\u00eb 50:50, tipike p\u00ebr nd\u00ebrlikimin q\u00eb ka \u00e7do vendimmarrje n\u00eb strukturat evropiane. Macroni kund\u00ebrshton parimin q\u00eb grupi m\u00eb i madh parlamentar t\u00eb ket\u00eb t\u00eb drejt\u00eb t\u00eb nxjerr\u00eb automatikisht Presidentin e Komisionit Evropian. N\u00eb fakt, L\u00ebvizja e tij En Marche nuk i p\u00ebrket asnj\u00ebrit nga blloqet e m\u00ebdha. L\u00ebvizja e Macronit d\u00ebrgon pas k\u00ebtyre zgjedhjeve evropiane vet\u00ebm 23 deputet\u00eb n\u00eb Parlamentin Evropian; por \u00ebsht\u00eb b\u00ebr\u00eb aleate me Liberal\u00ebt, duke mbledhur k\u00ebshtu 102 deputet\u00eb nga 751 sa ka Parlamenti Evropian. Kjo \u00ebsht\u00eb nj\u00eb shumic\u00eb q\u00eb mund t\u00eb pengoj\u00eb vendimmarrjen e Presidentit t\u00eb Komisionit. Macroni mund t\u00eb krijoj\u00eb aleanca bllokuese me Spanj\u00ebn, Portugalin\u00eb e ndoshta Greqin\u00eb edhe n\u00eb K\u00ebshillin Evropian. Pasi Presidentin e propozojn\u00eb kryetaret e qeverive n\u00eb K\u00ebshillin Evropian, por at\u00eb duhet ta zgjedh\u00eb edhe shumica e Parlamentit Evropian.<\/p>\n<p>Merkeli: &#8220;ta trajtojm\u00eb me kujdes nj\u00ebri-tjetrin&#8221;<\/p>\n<p>Me k\u00ebt\u00eb th\u00ebnie n\u00eb Bruksel, n\u00eb samitin e posa\u00e7\u00ebm pas zgjedhjeve evropiane, Merkeli nuk pati n\u00eb mendje vet\u00ebm interesat gjermane, por edhe Evrop\u00ebn. Jo m\u00eb kot at\u00eb e quajt\u00ebn edhe t\u00eb enjten, n\u00eb Universitetin e Harvardit, lidere faktike t\u00eb Evrop\u00ebs. Kancelarja k\u00ebrkoi kujdes q\u00eb t\u00eb mos hapen plag\u00eb, q\u00eb d\u00ebmtojn\u00eb bashk\u00ebpunimin e m\u00ebtejsh\u00ebm n\u00eb strukturat evropiane.<\/p>\n<p>V\u00ebzhguesve u t\u00ebrheq k\u00ebt\u00eb her\u00eb v\u00ebmendjen m\u00ebnyra e pazakont\u00eb se si liberal\u00ebt, por edhe socialdemokrat\u00ebt p\u00ebrpiqen t&#8217;ia marrin kontrollin nga duart Merkelit. Korrespondent\u00eb t\u00eb mediave gjermane treguan se n\u00eb samitin e posa\u00e7\u00ebm q\u00eb u mbajt n\u00eb Bruksel pas zgjedhjeve, p\u00ebr t\u00eb fituar aleat\u00eb, Macroni u premtonte t\u00eb gjith\u00ebve gjith\u00e7ka: evropianojugor\u00ebve se do t\u00eb mb\u00ebshtes\u00eb si President t\u00eb Komisionit, socialdemokratin Frans Timmermans; Liberal\u00ebve se do t\u00eb mb\u00ebshtes\u00eb Komisioneren daneze Margarethe Vestager; evropianolindor\u00ebve, q\u00eb duan dik\u00eb nga Lindja si President, se do t&#8217;i pengoj\u00eb si Timmermansin, ashtu edhe Vestagerin e Veberin.<\/p>\n<p>Pse vepron n\u00eb k\u00ebt\u00eb m\u00ebnyr\u00eb Presidenti Macron?<\/p>\n<p>E gjitha \u00ebsht\u00eb pjes\u00eb e loj\u00ebs politike. Zyrtarisht Macroni thot\u00eb q\u00eb bavarezit Manfred \u00cbeber i mungon p\u00ebrvoja nd\u00ebrkomb\u00ebtare dhe ekzekutive. Por n\u00eb thelb, nj\u00eb politikan francez si Macroni, q\u00eb e zgjodh\u00ebn n\u00eb post me nj\u00eb program proevropian, dhe q\u00eb n\u00eb k\u00ebto zgjedhje evropiane e mundi radikalja e djatht\u00eb Marine Le Pen, \u00ebsht\u00eb n\u00eb presion p\u00ebr t\u00eb d\u00ebshmuar di\u00e7ka. Ndoshta do t\u00eb d\u00ebshmoj\u00eb se ai dhe Franca jan\u00eb megjithat\u00eb vendimtar\u00eb n\u00eb Evrop\u00eb. Edhe pa Gjermanin\u00eb ose madje edhe kund\u00ebr vullnetit t\u00eb saj.<\/p>\n<p>Por Manfred \u00cbeberin e kund\u00ebrshton edhe Spanja, pasi socialisti Pedro Sanchez preferon p\u00ebr President socialdemokratin Timmermans; nj\u00ebsoj si kryeministri i Portugalis\u00eb, Antonio Kosta; edhe holandezi Mark Rutte, k\u00ebrkon nj\u00eb person me p\u00ebrvoj\u00eb nd\u00ebrkomb\u00ebtare. Sigurisht, francez\u00ebt do t\u00eb preferonin si President Komisioni nj\u00eb francez, negociatorin e Brexitit, Michel Barnier. Por sipas burimeve nga Brukseli, gjerman\u00ebt e kan\u00eb b\u00ebr\u00eb t\u00eb qart\u00eb: po nuk u zgjodh nj\u00eb gjerman, nuk zgjidhet as nj\u00eb francez n\u00eb k\u00ebt\u00eb post. Kjo shton shanset e danezes Vestager.<\/p>\n<p>&nbsp;<\/p>\n<p>A pritet nj\u00eb \u00e7arje n\u00eb marr\u00ebdh\u00ebniet Gjermani &#8211; Franc\u00eb?<\/p>\n<p>P\u00ebr k\u00ebt\u00eb gjasat jan\u00eb t\u00eb vogla. Kancelarja Merkel deklaroi se gjermani \u00cbeber mund t\u00eb zgjidhet edhe kund\u00ebr d\u00ebshir\u00ebs s\u00eb shteteve t\u00eb ve\u00e7anta. Por nj\u00ebkoh\u00ebsisht ajo tha q\u00eb BE duhet t\u00eb mbetet &#8220;i aft\u00eb p\u00ebr t\u00eb vepruar&#8221;, pra t\u00eb mos bllokohet pas k\u00ebtij em\u00ebrimi. Sepse p.sh. pas k\u00ebsaj pune duhet miratuar buxheti i BE. Dhe ai miratohet vet\u00ebm nj\u00ebz\u00ebri, pra n\u00ebse askush nuk vendos veton. Kjo do t\u00eb thot\u00eb se Gjermania do t\u00eb v\u00ebr\u00eb n\u00eb peshore \u00e7far\u00eb fiton dhe \u00e7far\u00eb humbet nga zgjedhja me \u00e7do kusht e Manfred \u00cbeberit si President t\u00eb Komisionit Evropian. Merkeli nuk \u00ebsht\u00eb e interesuar p\u00ebr \u00e7arje n\u00eb Evrop\u00eb. Po as Franca nuk ka interes q\u00eb t\u00eb denigrohen publikisht Gjermania dhe Merkeli.<\/p>\n<p>Nj\u00ebkoh\u00ebsisht: pas nj\u00eb fitoreje hipotetike (me pengimin e \u00cbeberit) n\u00eb Parlamentin Evropian, Franca mund t\u00eb jet\u00eb m\u00eb pak konfrontuese. N\u00ebse Gjermania l\u00ebshon pe n\u00eb rastin e \u00cbeberit, Franca p.sh. mund ta mb\u00ebshtes\u00eb p\u00ebr zgjedhjen e nj\u00eb gjermani, si drejtues t\u00eb Bank\u00ebs Qendrore Evropiane. Ose t\u00eb tregohet m\u00eb tolerante ndaj prioriteteve gjermane n\u00eb BE.<\/p>\n<p>Deri n\u00eb samitin e ardhsh\u00ebm t\u00eb BE, n\u00eb 20\/21 qershor Manfred \u00cbeberi duhet t\u00eb siguroj\u00eb shumicat pro tij n\u00eb Parlamentin Evropian. Nd\u00ebrsa kryetari i K\u00ebshillit Evropian, Donald Tusk, me ndihm\u00ebn e grupeve parlamentare do t\u00eb konstatoj\u00eb se cili kandidat ka shanse m\u00eb t\u00eb m\u00ebdha, q\u00eb t&#8217;ia propozoj\u00eb K\u00ebshillit Evropian. Deri at\u00ebher\u00eb negociator\u00ebt e t\u00eb gjitha pal\u00ebve kan\u00eb shum\u00eb pun\u00eb<\/p>\n<p>&nbsp;<\/p>","protected":false},"excerpt":{"rendered":"<p>Fragmentarizimi politik i Parlamentit Evropian pas zgjedhjeve ndikon n\u00eb nd\u00ebrlikimin e raporteve t\u00eb pushtetit n\u00eb Evrop\u00eb. Disa v\u00ebzhgues shohin nj\u00eb duel midis Gjermanis\u00eb dhe Franc\u00ebs p\u00ebr postet kryesore n\u00eb Evrop\u00eb. &#8220;Luft\u00eb p\u00ebr pushtet n\u00eb Evrop\u00eb&#8221;, &#8220;Duel midis Merkelit dhe Macronit p\u00ebr postet kryesore evropiane&#8221;. Tituj mediatik\u00eb t\u00eb till\u00eb sigurisht synojn\u00eb t\u00eb t\u00ebrheqin v\u00ebmendjen. N\u00eb fund [&hellip;]<\/p>\n","protected":false},"author":2013,"featured_media":87173,"comment_status":"open","ping_status":"closed","sticky":false,"template":"","format":"standard","meta":{"footnotes":""},"categories":[241,191],"tags":[],"class_list":{"0":"post-87172","1":"post","2":"type-post","3":"status-publish","4":"format-standard","5":"has-post-thumbnail","7":"category-aktualitet","8":"category-bota"},"_links":{"self":[{"href":"https:\/\/zjarr.tv\/en\/wp-json\/wp\/v2\/posts\/87172","targetHints":{"allow":["GET"]}}],"collection":[{"href":"https:\/\/zjarr.tv\/en\/wp-json\/wp\/v2\/posts"}],"about":[{"href":"https:\/\/zjarr.tv\/en\/wp-json\/wp\/v2\/types\/post"}],"author":[{"embeddable":true,"href":"https:\/\/zjarr.tv\/en\/wp-json\/wp\/v2\/users\/2013"}],"replies":[{"embeddable":true,"href":"https:\/\/zjarr.tv\/en\/wp-json\/wp\/v2\/comments?post=87172"}],"version-history":[{"count":0,"href":"https:\/\/zjarr.tv\/en\/wp-json\/wp\/v2\/posts\/87172\/revisions"}],"wp:featuredmedia":[{"embeddable":true,"href":"https:\/\/zjarr.tv\/en\/wp-json\/wp\/v2\/media\/87173"}],"wp:attachment":[{"href":"https:\/\/zjarr.tv\/en\/wp-json\/wp\/v2\/media?parent=87172"}],"wp:term":[{"taxonomy":"category","embeddable":true,"href":"https:\/\/zjarr.tv\/en\/wp-json\/wp\/v2\/categories?post=87172"},{"taxonomy":"post_tag","embeddable":true,"href":"https:\/\/zjarr.tv\/en\/wp-json\/wp\/v2\/tags?post=87172"}],"curies":[{"name":"wp","href":"https:\/\/api.w.org\/{rel}","templated":true}]}}