{"id":87181,"date":"2019-06-01T19:00:56","date_gmt":"2019-06-01T17:00:56","guid":{"rendered":"https:\/\/zjarr.tv\/?p=87181"},"modified":"2019-06-01T17:12:32","modified_gmt":"2019-06-01T15:12:32","slug":"kush-ishte-reyes-futbollisti-spanjoll-qe-shokoi-boten-e-futbollit-me-vdekjen-e-tij-tragjike","status":"publish","type":"post","link":"https:\/\/zjarr.tv\/en\/kush-ishte-reyes-futbollisti-spanjoll-qe-shokoi-boten-e-futbollit-me-vdekjen-e-tij-tragjike\/","title":{"rendered":"Kush ishte Reyes, futbollisti spanjoll q\u00eb shokoi bot\u00ebn e futbollit me vdekjen e tij tragjike"},"content":{"rendered":"<p>Sot (e shtun\u00eb) n\u00eb mosh\u00ebn 35 vje\u00e7are ka nd\u00ebrruar jet\u00eb Jose Antonio Reyes, pas nj\u00eb aksidenti t\u00eb r\u00ebnd\u00eb m\u00eb makin\u00eb.<\/p>\n<p>Reyes i cili k\u00ebt\u00eb sezon ka veshur fanell\u00ebn e UD Extremadura, ka qen\u00eb nj\u00eb futbollist me karrier\u00eb shum\u00eb t\u00eb pasur, duke arritur suksese t\u00eb m\u00ebdha.<\/p>\n<p>Ishte viti 2000, kur Reyes debutoi si 16 vje\u00e7ar n\u00eb skuadr\u00ebn e Sevillas, p\u00ebr t\u2019u b\u00ebr\u00eb lojtari m\u00eb i ri q\u00eb arrin k\u00ebt\u00eb.<\/p>\n<p>Pas paraqitjeve t\u00eb mira, dhe nj\u00eb prej lojtar\u00ebve m\u00eb premtues n\u00eb afatin kalimtar dim\u00ebror t\u00eb sezonit 2003\/2004, iu bashkua Arsenalit, ku fitoi edhe nj\u00eb titull t\u00eb Premierlig\u00eb.<\/p>\n<p>N\u00eb fakt, Reyes u b\u00eb spanjolli i par\u00eb q\u00eb arrin t\u00eb fitoi nj\u00eb titulli kampioni n\u00eb Angli.<\/p>\n<p>N\u00eb sezonin 2006\/2007 ishte koha q\u00eb Real Madrid t\u00eb fitonte nj\u00eb titull q\u00eb po e priste gjat\u00eb, dhe n\u00eb at\u00eb sukses sigurisht q\u00eb kishte dor\u00eb Jose Antonio Reyes.<\/p>\n<p>Lojtari vazhdoi karrier\u00ebn te Atletico Madrid dhe Benfica, p\u00ebr t\u2019u rikthyer n\u00eb vitin 2012 te Sevilla, me t\u00eb cil\u00ebt fitoi tre trofe t\u00eb Lig\u00ebs s\u00eb Evrop\u00ebs.<\/p>\n<p>Reyes gjithsej n\u00eb karrier\u00eb ka fituar pes\u00eb tituj t\u00eb Lig\u00ebs s\u00eb Evrop\u00ebs, duke qen\u00eb lojtari me m\u00eb s\u00eb shumti trofe n\u00eb k\u00ebt\u00eb gar\u00eb.<\/p>\n<p>Q\u00eb nga ky vit, Reyes po vishte fanell\u00ebn e Extremadura, p\u00ebr t\u00eb cil\u00ebn skuad\u00ebr pati edhe kat\u00ebr paraqitje.<\/p>\n<p>N\u00eb nivel nd\u00ebrkomb\u00ebtar, 35 vje\u00e7ari ishte paraqitur 21 her\u00eb p\u00ebr Komb\u00ebtaren e Spanj\u00ebs, mes viteve 2003\/2006.<\/p>\n<p>&nbsp;<\/p>","protected":false},"excerpt":{"rendered":"<p>Sot (e shtun\u00eb) n\u00eb mosh\u00ebn 35 vje\u00e7are ka nd\u00ebrruar jet\u00eb Jose Antonio Reyes, pas nj\u00eb aksidenti t\u00eb r\u00ebnd\u00eb m\u00eb makin\u00eb. Reyes i cili k\u00ebt\u00eb sezon ka veshur fanell\u00ebn e UD Extremadura, ka qen\u00eb nj\u00eb futbollist me karrier\u00eb shum\u00eb t\u00eb pasur, duke arritur suksese t\u00eb m\u00ebdha. Ishte viti 2000, kur Reyes debutoi si 16 vje\u00e7ar n\u00eb [&hellip;]<\/p>\n","protected":false},"author":2013,"featured_media":87182,"comment_status":"open","ping_status":"closed","sticky":false,"template":"","format":"standard","meta":{"footnotes":""},"categories":[241,192],"tags":[],"class_list":{"0":"post-87181","1":"post","2":"type-post","3":"status-publish","4":"format-standard","5":"has-post-thumbnail","7":"category-aktualitet","8":"category-sport"},"_links":{"self":[{"href":"https:\/\/zjarr.tv\/en\/wp-json\/wp\/v2\/posts\/87181","targetHints":{"allow":["GET"]}}],"collection":[{"href":"https:\/\/zjarr.tv\/en\/wp-json\/wp\/v2\/posts"}],"about":[{"href":"https:\/\/zjarr.tv\/en\/wp-json\/wp\/v2\/types\/post"}],"author":[{"embeddable":true,"href":"https:\/\/zjarr.tv\/en\/wp-json\/wp\/v2\/users\/2013"}],"replies":[{"embeddable":true,"href":"https:\/\/zjarr.tv\/en\/wp-json\/wp\/v2\/comments?post=87181"}],"version-history":[{"count":0,"href":"https:\/\/zjarr.tv\/en\/wp-json\/wp\/v2\/posts\/87181\/revisions"}],"wp:featuredmedia":[{"embeddable":true,"href":"https:\/\/zjarr.tv\/en\/wp-json\/wp\/v2\/media\/87182"}],"wp:attachment":[{"href":"https:\/\/zjarr.tv\/en\/wp-json\/wp\/v2\/media?parent=87181"}],"wp:term":[{"taxonomy":"category","embeddable":true,"href":"https:\/\/zjarr.tv\/en\/wp-json\/wp\/v2\/categories?post=87181"},{"taxonomy":"post_tag","embeddable":true,"href":"https:\/\/zjarr.tv\/en\/wp-json\/wp\/v2\/tags?post=87181"}],"curies":[{"name":"wp","href":"https:\/\/api.w.org\/{rel}","templated":true}]}}