{"id":87198,"date":"2019-06-01T20:00:07","date_gmt":"2019-06-01T18:00:07","guid":{"rendered":"https:\/\/zjarr.tv\/?p=87198"},"modified":"2019-06-01T17:24:36","modified_gmt":"2019-06-01T15:24:36","slug":"cana-perqafon-dhe-qesh-me-pochettinon-kur-ishte-16-vjec-tek-psg-ja-e-kisha","status":"publish","type":"post","link":"https:\/\/zjarr.tv\/en\/cana-perqafon-dhe-qesh-me-pochettinon-kur-ishte-16-vjec-tek-psg-ja-e-kisha\/","title":{"rendered":"Cana p\u00ebrqafon dhe qesh me Pochettinon: Kur ishte 16 vje\u00e7 tek PSG-ja e kisha &#8230;"},"content":{"rendered":"<p>Ish-kapiteni i Komb\u00ebtares shqiptare, Lorik Cana duket se ka nj\u00eb marr\u00ebdh\u00ebnie t\u00eb shk\u00eblqyer me trajnerin e Tottenhamit, Mauricio Pochettino<\/p>\n<p>Takimi ka ndodhur n\u00eb stadiumin \u201cWanda Metropolitano\u201d n\u00eb Madrid, nd\u00ebrsa nuk munguan p\u00ebrqafimet miq\u00ebsore, t\u00eb qeshura me shpirt dhe nj\u00eb respekti maksimal.<\/p>\n<p>Lorik Cana e ka nisur karrier\u00ebn n\u00eb nivele t\u00eb larta duke luajtur me PSG-n\u00eb, aty ku kishte kapiten pik\u00ebrisht Pochettinon.<\/p>\n<p>\u201cE kam pasur kapiten te PSG-ja q\u00eb kur un\u00eb isha 16 vje\u00e7\u201d, d\u00ebgjohet t\u00eb thot\u00eb Lorik Cana.<\/p>\n<p>M\u00eb pas nisin batutat mes Pochettinos dhe Can\u00ebs.<\/p>\n<p>&nbsp;<\/p>","protected":false},"excerpt":{"rendered":"<p>Ish-kapiteni i Komb\u00ebtares shqiptare, Lorik Cana duket se ka nj\u00eb marr\u00ebdh\u00ebnie t\u00eb shk\u00eblqyer me trajnerin e Tottenhamit, Mauricio Pochettino Takimi ka ndodhur n\u00eb stadiumin \u201cWanda Metropolitano\u201d n\u00eb Madrid, nd\u00ebrsa nuk munguan p\u00ebrqafimet miq\u00ebsore, t\u00eb qeshura me shpirt dhe nj\u00eb respekti maksimal. Lorik Cana e ka nisur karrier\u00ebn n\u00eb nivele t\u00eb larta duke luajtur me PSG-n\u00eb, [&hellip;]<\/p>\n","protected":false},"author":2013,"featured_media":87199,"comment_status":"open","ping_status":"closed","sticky":false,"template":"","format":"standard","meta":{"footnotes":""},"categories":[241,192],"tags":[],"class_list":{"0":"post-87198","1":"post","2":"type-post","3":"status-publish","4":"format-standard","5":"has-post-thumbnail","7":"category-aktualitet","8":"category-sport"},"_links":{"self":[{"href":"https:\/\/zjarr.tv\/en\/wp-json\/wp\/v2\/posts\/87198","targetHints":{"allow":["GET"]}}],"collection":[{"href":"https:\/\/zjarr.tv\/en\/wp-json\/wp\/v2\/posts"}],"about":[{"href":"https:\/\/zjarr.tv\/en\/wp-json\/wp\/v2\/types\/post"}],"author":[{"embeddable":true,"href":"https:\/\/zjarr.tv\/en\/wp-json\/wp\/v2\/users\/2013"}],"replies":[{"embeddable":true,"href":"https:\/\/zjarr.tv\/en\/wp-json\/wp\/v2\/comments?post=87198"}],"version-history":[{"count":0,"href":"https:\/\/zjarr.tv\/en\/wp-json\/wp\/v2\/posts\/87198\/revisions"}],"wp:featuredmedia":[{"embeddable":true,"href":"https:\/\/zjarr.tv\/en\/wp-json\/wp\/v2\/media\/87199"}],"wp:attachment":[{"href":"https:\/\/zjarr.tv\/en\/wp-json\/wp\/v2\/media?parent=87198"}],"wp:term":[{"taxonomy":"category","embeddable":true,"href":"https:\/\/zjarr.tv\/en\/wp-json\/wp\/v2\/categories?post=87198"},{"taxonomy":"post_tag","embeddable":true,"href":"https:\/\/zjarr.tv\/en\/wp-json\/wp\/v2\/tags?post=87198"}],"curies":[{"name":"wp","href":"https:\/\/api.w.org\/{rel}","templated":true}]}}