{"id":87204,"date":"2019-06-01T20:20:35","date_gmt":"2019-06-01T18:20:35","guid":{"rendered":"https:\/\/zjarr.tv\/?p=87204"},"modified":"2019-06-01T17:28:05","modified_gmt":"2019-06-01T15:28:05","slug":"pakistan-kerkohet-arrestimi-i-ish-presidentit-zardari-per-korrupsion","status":"publish","type":"post","link":"https:\/\/zjarr.tv\/en\/pakistan-kerkohet-arrestimi-i-ish-presidentit-zardari-per-korrupsion\/","title":{"rendered":"Pakistan, k\u00ebrkohet arrestimi i ish-presidentit Zardari p\u00ebr korrupsion"},"content":{"rendered":"<p>Zyra Komb\u00ebtare e Llogaridh\u00ebnies (NAB) q\u00eb \u00ebsht\u00eb autoriteti m\u00eb i lart\u00eb anti-korrupsion i Pakistanit, ka l\u00ebshuar nj\u00eb urdh\u00ebr arresti p\u00ebr ish-presidentin Asif Zardari, aktualisht lider opozitar, me akuzat p\u00ebr pastrim parash, raporton Anadolu Agency (AA).<\/p>\n<p>Si\u00e7 b\u00ebn t\u00eb ditur NAB, k\u00ebrkesa p\u00ebr arrest do t\u2019i d\u00ebrgohet Gjykat\u00ebs s\u00eb Lart\u00eb n\u00eb Islamabad jo m\u00eb von\u00eb se 10 qershor.<\/p>\n<p>Zardari, i cili sh\u00ebrbeu si president i Pakistanit nga viti 2008 deri n\u00eb vitin 2013, nuk do t\u00eb mund t\u00eb arrestohet para 10 qershorit, pasi aktualisht \u00ebsht\u00eb i liruar me nj\u00eb dor\u00ebzani t\u00eb l\u00ebshuar nga Gjykata e Lart\u00eb e Islamabadit.<\/p>\n<p>Burri i ish-kryeministres s\u00eb vrar\u00eb Benazir Bhutto, po p\u00ebrballet me hetime p\u00ebr raste t\u00eb shumta korrupsioni dhe pastrimi parash\u00eb me nj\u00eb shum\u00eb milion\u00ebshe rupi.<\/p>\n<p>Ai \u00ebsht\u00eb arrestuar n\u00eb disa raste t\u00eb ndryshme korrupsioni n\u00eb periudh\u00ebn 1990-2004, megjithat\u00eb asnj\u00ebher\u00eb nuk u shpall fajtor.<\/p>\n<p>Edhe djali i tij Bilawal Bhutto Zardari, kryetar i Partis\u00eb Popullore t\u00eb Pakistanit (PPP) t\u00eb qendr\u00ebs s\u00eb majt\u00eb nj\u00ebher\u00ebsh partia e dyt\u00eb m\u00eb e madhe opozitare, si dhe an\u00ebtar\u00ebt e tjer\u00eb t\u00eb familjes gjithashtu akuzohen p\u00ebr korrupsion.<\/p>\n<p>&nbsp;<\/p>","protected":false},"excerpt":{"rendered":"<p>Zyra Komb\u00ebtare e Llogaridh\u00ebnies (NAB) q\u00eb \u00ebsht\u00eb autoriteti m\u00eb i lart\u00eb anti-korrupsion i Pakistanit, ka l\u00ebshuar nj\u00eb urdh\u00ebr arresti p\u00ebr ish-presidentin Asif Zardari, aktualisht lider opozitar, me akuzat p\u00ebr pastrim parash, raporton Anadolu Agency (AA). Si\u00e7 b\u00ebn t\u00eb ditur NAB, k\u00ebrkesa p\u00ebr arrest do t\u2019i d\u00ebrgohet Gjykat\u00ebs s\u00eb Lart\u00eb n\u00eb Islamabad jo m\u00eb von\u00eb se [&hellip;]<\/p>\n","protected":false},"author":2013,"featured_media":87205,"comment_status":"open","ping_status":"closed","sticky":false,"template":"","format":"standard","meta":{"footnotes":""},"categories":[241,191],"tags":[],"class_list":{"0":"post-87204","1":"post","2":"type-post","3":"status-publish","4":"format-standard","5":"has-post-thumbnail","7":"category-aktualitet","8":"category-bota"},"_links":{"self":[{"href":"https:\/\/zjarr.tv\/en\/wp-json\/wp\/v2\/posts\/87204","targetHints":{"allow":["GET"]}}],"collection":[{"href":"https:\/\/zjarr.tv\/en\/wp-json\/wp\/v2\/posts"}],"about":[{"href":"https:\/\/zjarr.tv\/en\/wp-json\/wp\/v2\/types\/post"}],"author":[{"embeddable":true,"href":"https:\/\/zjarr.tv\/en\/wp-json\/wp\/v2\/users\/2013"}],"replies":[{"embeddable":true,"href":"https:\/\/zjarr.tv\/en\/wp-json\/wp\/v2\/comments?post=87204"}],"version-history":[{"count":0,"href":"https:\/\/zjarr.tv\/en\/wp-json\/wp\/v2\/posts\/87204\/revisions"}],"wp:featuredmedia":[{"embeddable":true,"href":"https:\/\/zjarr.tv\/en\/wp-json\/wp\/v2\/media\/87205"}],"wp:attachment":[{"href":"https:\/\/zjarr.tv\/en\/wp-json\/wp\/v2\/media?parent=87204"}],"wp:term":[{"taxonomy":"category","embeddable":true,"href":"https:\/\/zjarr.tv\/en\/wp-json\/wp\/v2\/categories?post=87204"},{"taxonomy":"post_tag","embeddable":true,"href":"https:\/\/zjarr.tv\/en\/wp-json\/wp\/v2\/tags?post=87204"}],"curies":[{"name":"wp","href":"https:\/\/api.w.org\/{rel}","templated":true}]}}