{"id":87207,"date":"2019-06-01T20:30:06","date_gmt":"2019-06-01T18:30:06","guid":{"rendered":"https:\/\/zjarr.tv\/?p=87207"},"modified":"2019-06-01T17:29:41","modified_gmt":"2019-06-01T15:29:41","slug":"teherani-hedh-poshte-deklaraten-e-samitit-te-mekes","status":"publish","type":"post","link":"https:\/\/zjarr.tv\/en\/teherani-hedh-poshte-deklaraten-e-samitit-te-mekes\/","title":{"rendered":"Teherani hedh posht\u00eb deklarat\u00ebn e Samitit t\u00eb Mek\u00ebs"},"content":{"rendered":"<p>Z\u00ebdh\u00ebn\u00ebsi i Ministris\u00eb s\u00eb Jashtme t\u00eb Iranit, ka akuzuar nikoqirin e samitit Arabis\u00eb Saudite duke th\u00ebn\u00eb se \u201cpo shfryt\u00ebzon muajin e shenjt\u00eb t\u00eb Ramazanit dhe qytetin e shenjt\u00eb t\u00eb Mek\u00ebs p\u00ebr t\u00eb adresuar akuza kund\u00ebr Iranit\u201d<br \/>\nIrani hodhi posht\u00eb t\u00eb premten konkluzionet p\u00ebrfundimtare t\u00eb Samiti t\u00eb organizuar n\u00eb Mek\u00eb t\u00eb Organizat\u00ebs s\u00eb Bashk\u00ebpunimit Islamik (OIC), me arsyetimin se nuk pasqyrojn\u00eb pik\u00ebpamjet e t\u00eb gjitha shteteve an\u00ebtare t\u00eb OIC-s\u00eb.<\/p>\n<p>Z\u00ebdh\u00ebn\u00ebsi i Ministris\u00eb s\u00eb Jashtme t\u00eb Iranit, Abbs Mousavi, i cituar nga agjencia e lajmeve IRNA, ka akuzuar nikoqirin e samitit Arabis\u00eb Saudite duke th\u00ebn\u00eb se \u201cpo shfryt\u00ebzon muajin e shenjt\u00eb t\u00eb Ramazanit dhe qytetin e shenjt\u00eb t\u00eb Mek\u00ebs p\u00ebr t\u00eb adresuar akuza kund\u00ebr Iranit\u201d.<\/p>\n<p>Mousavi mes tjerash ka akuzuar Riadin zyrtar se ka l\u00ebshuar rastin q\u00eb p\u00ebrmes Dit\u00ebs Nd\u00ebrkomb\u00ebtare t\u00eb Kudsit dhe takimit t\u00eb OIC-s\u00eb, t\u00eb ushtroj presion p\u00ebr t\u00eb drejtat e popullit palestinez, dhe se n\u00eb vend t\u00eb k\u00ebsaj ka zgjedhur t\u00eb mbjell mosmarr\u00ebveshje midis vendeve muslimane dhe atyre t\u00eb rajonit.<\/p>\n<p>Sjellja e Arabis\u00eb Saudite n\u00eb samitin e s\u00eb enjtes,tha ai, \u201c\u00ebsht\u00eb n\u00eb p\u00ebrputhje me p\u00ebrpjekjet e kota t\u00eb SHBA-ve dhe regjimit sionist kund\u00ebr Iranit\u201d.<\/p>\n<p>Nj\u00eb deklarat\u00ebn p\u00ebrfundimtare t\u00eb samitit Irani akuzohet p\u00ebr mb\u00ebshtetjen q\u00eb ja b\u00ebn grupit rebel Houthi t\u00eb Jemenit, dhe p\u00ebr pushtimin e paligjsh\u00ebm t\u00eb tre ishujve n\u00eb Gjirin Persik, si dhe p\u00ebr nd\u00ebrhyrje n\u00eb \u00e7\u00ebshtjet e brendshme t\u00eb Siris\u00eb dhe Bahreinit.<\/p>\n<p>&nbsp;<\/p>","protected":false},"excerpt":{"rendered":"<p>Z\u00ebdh\u00ebn\u00ebsi i Ministris\u00eb s\u00eb Jashtme t\u00eb Iranit, ka akuzuar nikoqirin e samitit Arabis\u00eb Saudite duke th\u00ebn\u00eb se \u201cpo shfryt\u00ebzon muajin e shenjt\u00eb t\u00eb Ramazanit dhe qytetin e shenjt\u00eb t\u00eb Mek\u00ebs p\u00ebr t\u00eb adresuar akuza kund\u00ebr Iranit\u201d Irani hodhi posht\u00eb t\u00eb premten konkluzionet p\u00ebrfundimtare t\u00eb Samiti t\u00eb organizuar n\u00eb Mek\u00eb t\u00eb Organizat\u00ebs s\u00eb Bashk\u00ebpunimit Islamik (OIC), [&hellip;]<\/p>\n","protected":false},"author":2013,"featured_media":87208,"comment_status":"open","ping_status":"closed","sticky":false,"template":"","format":"standard","meta":{"footnotes":""},"categories":[241,191],"tags":[],"class_list":{"0":"post-87207","1":"post","2":"type-post","3":"status-publish","4":"format-standard","5":"has-post-thumbnail","7":"category-aktualitet","8":"category-bota"},"_links":{"self":[{"href":"https:\/\/zjarr.tv\/en\/wp-json\/wp\/v2\/posts\/87207","targetHints":{"allow":["GET"]}}],"collection":[{"href":"https:\/\/zjarr.tv\/en\/wp-json\/wp\/v2\/posts"}],"about":[{"href":"https:\/\/zjarr.tv\/en\/wp-json\/wp\/v2\/types\/post"}],"author":[{"embeddable":true,"href":"https:\/\/zjarr.tv\/en\/wp-json\/wp\/v2\/users\/2013"}],"replies":[{"embeddable":true,"href":"https:\/\/zjarr.tv\/en\/wp-json\/wp\/v2\/comments?post=87207"}],"version-history":[{"count":0,"href":"https:\/\/zjarr.tv\/en\/wp-json\/wp\/v2\/posts\/87207\/revisions"}],"wp:featuredmedia":[{"embeddable":true,"href":"https:\/\/zjarr.tv\/en\/wp-json\/wp\/v2\/media\/87208"}],"wp:attachment":[{"href":"https:\/\/zjarr.tv\/en\/wp-json\/wp\/v2\/media?parent=87207"}],"wp:term":[{"taxonomy":"category","embeddable":true,"href":"https:\/\/zjarr.tv\/en\/wp-json\/wp\/v2\/categories?post=87207"},{"taxonomy":"post_tag","embeddable":true,"href":"https:\/\/zjarr.tv\/en\/wp-json\/wp\/v2\/tags?post=87207"}],"curies":[{"name":"wp","href":"https:\/\/api.w.org\/{rel}","templated":true}]}}