{"id":87215,"date":"2019-06-01T21:00:49","date_gmt":"2019-06-01T19:00:49","guid":{"rendered":"https:\/\/zjarr.tv\/?p=87215"},"modified":"2019-06-01T17:34:29","modified_gmt":"2019-06-01T15:34:29","slug":"reja-ben-ndryshimin-e-radhes-fton-lojtarin-e-partizanit","status":"publish","type":"post","link":"https:\/\/zjarr.tv\/en\/reja-ben-ndryshimin-e-radhes-fton-lojtarin-e-partizanit\/","title":{"rendered":"Reja b\u00ebn ndryshimin e radh\u00ebs, fton lojtarin e Partizanit"},"content":{"rendered":"<p>Ishte nj\u00eb lajm q\u00eb po qarkullonte, por zyrtarizimi ka ardhur vet\u00ebm pak \u00e7aste m\u00eb par\u00eb nga ana e Federat\u00ebs Shqiptare t\u00eb Futbollit, e cila ka konfirmuar ndryshimin e radh\u00ebs n\u00eb list\u00ebn e lojtar\u00ebve t\u00eb grumbulluar nga Edi Reja p\u00ebr ndeshjet ndaj Island\u00ebs dhe Moldavis\u00eb.<\/p>\n<p>K\u00ebshtu, pas largimeve t\u00eb Egzon Binakut, Ledian Memushajt dhe Marash Kumbull\u00ebs, lojtari i radh\u00ebs q\u00eb ka \u201cbraktisur\u201d kuqezinjt\u00eb ka qen\u00eb Eros Grezda. Ndaj Reja e ka par\u00eb t\u00eb arsyeshme t\u00eb th\u00ebrras\u00eb nj\u00eb tjet\u00ebr lojtar n\u00eb gjendje t\u00eb mbuloj\u00eb fash\u00ebn e majt\u00eb t\u00eb fush\u00ebs. K\u00ebshtu \u201cn\u00ebn arm\u00eb\u201d \u00ebsht\u00eb thirrur Lorenc Trashi, mbrojt\u00ebsi i majt\u00eb i Partizanit. Trashi, q\u00eb u shpall edhe lojtari m\u00eb i mir\u00eb i Superlig\u00ebs p\u00ebr vitin 2018, \u00ebsht\u00eb n\u00eb gjendje t\u00eb b\u00ebj\u00eb t\u00eb gjitha rolet e krahut t\u00eb majt\u00eb, por shpesh Gega e ka spostuar dhe n\u00eb t\u00eb djatht\u00eb t\u00eb mesfush\u00ebs n\u00eb var\u00ebsi t\u00eb nevojave t\u00eb ekipit.<\/p>\n<p>&nbsp;<\/p>","protected":false},"excerpt":{"rendered":"<p>Ishte nj\u00eb lajm q\u00eb po qarkullonte, por zyrtarizimi ka ardhur vet\u00ebm pak \u00e7aste m\u00eb par\u00eb nga ana e Federat\u00ebs Shqiptare t\u00eb Futbollit, e cila ka konfirmuar ndryshimin e radh\u00ebs n\u00eb list\u00ebn e lojtar\u00ebve t\u00eb grumbulluar nga Edi Reja p\u00ebr ndeshjet ndaj Island\u00ebs dhe Moldavis\u00eb. K\u00ebshtu, pas largimeve t\u00eb Egzon Binakut, Ledian Memushajt dhe Marash Kumbull\u00ebs, [&hellip;]<\/p>\n","protected":false},"author":2013,"featured_media":86004,"comment_status":"open","ping_status":"closed","sticky":false,"template":"","format":"standard","meta":{"footnotes":""},"categories":[241,192],"tags":[],"class_list":{"0":"post-87215","1":"post","2":"type-post","3":"status-publish","4":"format-standard","5":"has-post-thumbnail","7":"category-aktualitet","8":"category-sport"},"_links":{"self":[{"href":"https:\/\/zjarr.tv\/en\/wp-json\/wp\/v2\/posts\/87215","targetHints":{"allow":["GET"]}}],"collection":[{"href":"https:\/\/zjarr.tv\/en\/wp-json\/wp\/v2\/posts"}],"about":[{"href":"https:\/\/zjarr.tv\/en\/wp-json\/wp\/v2\/types\/post"}],"author":[{"embeddable":true,"href":"https:\/\/zjarr.tv\/en\/wp-json\/wp\/v2\/users\/2013"}],"replies":[{"embeddable":true,"href":"https:\/\/zjarr.tv\/en\/wp-json\/wp\/v2\/comments?post=87215"}],"version-history":[{"count":0,"href":"https:\/\/zjarr.tv\/en\/wp-json\/wp\/v2\/posts\/87215\/revisions"}],"wp:featuredmedia":[{"embeddable":true,"href":"https:\/\/zjarr.tv\/en\/wp-json\/wp\/v2\/media\/86004"}],"wp:attachment":[{"href":"https:\/\/zjarr.tv\/en\/wp-json\/wp\/v2\/media?parent=87215"}],"wp:term":[{"taxonomy":"category","embeddable":true,"href":"https:\/\/zjarr.tv\/en\/wp-json\/wp\/v2\/categories?post=87215"},{"taxonomy":"post_tag","embeddable":true,"href":"https:\/\/zjarr.tv\/en\/wp-json\/wp\/v2\/tags?post=87215"}],"curies":[{"name":"wp","href":"https:\/\/api.w.org\/{rel}","templated":true}]}}