{"id":87234,"date":"2019-06-01T21:40:44","date_gmt":"2019-06-01T19:40:44","guid":{"rendered":"https:\/\/zjarr.tv\/?p=87234"},"modified":"2019-06-01T17:47:24","modified_gmt":"2019-06-01T15:47:24","slug":"agjenti-i-hysaj-konfirmon-largimin-nga-napoli","status":"publish","type":"post","link":"https:\/\/zjarr.tv\/en\/agjenti-i-hysaj-konfirmon-largimin-nga-napoli\/","title":{"rendered":"Agjenti i Hysaj konfirmon largimin nga Napoli"},"content":{"rendered":"<p>E ardhmja e Elseid Hysaj do t\u00eb jet\u00eb larg Napolit.<\/p>\n<p>Konfirmimi ka ardhur nga vet\u00eb agjenti i mbrojt\u00ebsit t\u00eb komb\u00ebtares shqiptare, Mario Giuffredi. Italiani ka zbuluar se shkodrani ka shprehur d\u00ebshir\u00ebn p\u00ebr tu larguar nga Napoli, pasi mendon se koha e tij te jugor\u00ebt ka p\u00ebrfunduar.<\/p>\n<p><em>&#8220;Hysaj ka shprehur d\u00ebshir\u00ebn e tij p\u00ebr t&#8217;u larguar, pasi beson se koha e tij n\u00eb Napoli ka p\u00ebrfunduar pas kat\u00ebr vjet\u00ebsh dhe ai d\u00ebshiron nj\u00eb p\u00ebrvoj\u00eb t\u00eb re. Ai do t\u00eb largohet, ka ekipe q\u00eb jan\u00eb t\u00eb interesuara, megjithat\u00eb, klubi do t\u00eb duhet t\u00eb ul\u00eb \u00e7mimin e k\u00ebrkuar 40 milion\u00eb euro. Ata kan\u00eb nj\u00eb drejtues sportiv t\u00eb zgjuar n\u00eb Giuntoli dhe ai e di se Hysaj d\u00ebshiron t\u00eb largohet, k\u00ebshtu q\u00eb ata e din\u00eb se do t\u00eb duhet t\u00eb gjejn\u00eb nj\u00eb zgjidhje p\u00ebr situat\u00ebn&#8221;.<\/em>-u shpreh Giuffredi n\u00eb \u201cIn Casa Napoli\u201d n\u00eb &#8220;TV Piuenne&#8221;.<\/p>\n<p>Interes p\u00ebr Hysaj kan\u00eb shfaqur skuadra si Atletico Madrid dhe Chelsea.<\/p>\n<p>&nbsp;<\/p>","protected":false},"excerpt":{"rendered":"<p>E ardhmja e Elseid Hysaj do t\u00eb jet\u00eb larg Napolit. Konfirmimi ka ardhur nga vet\u00eb agjenti i mbrojt\u00ebsit t\u00eb komb\u00ebtares shqiptare, Mario Giuffredi. Italiani ka zbuluar se shkodrani ka shprehur d\u00ebshir\u00ebn p\u00ebr tu larguar nga Napoli, pasi mendon se koha e tij te jugor\u00ebt ka p\u00ebrfunduar. &#8220;Hysaj ka shprehur d\u00ebshir\u00ebn e tij p\u00ebr t&#8217;u larguar, [&hellip;]<\/p>\n","protected":false},"author":2013,"featured_media":87235,"comment_status":"open","ping_status":"closed","sticky":false,"template":"","format":"standard","meta":{"footnotes":""},"categories":[241,192],"tags":[],"class_list":{"0":"post-87234","1":"post","2":"type-post","3":"status-publish","4":"format-standard","5":"has-post-thumbnail","7":"category-aktualitet","8":"category-sport"},"_links":{"self":[{"href":"https:\/\/zjarr.tv\/en\/wp-json\/wp\/v2\/posts\/87234","targetHints":{"allow":["GET"]}}],"collection":[{"href":"https:\/\/zjarr.tv\/en\/wp-json\/wp\/v2\/posts"}],"about":[{"href":"https:\/\/zjarr.tv\/en\/wp-json\/wp\/v2\/types\/post"}],"author":[{"embeddable":true,"href":"https:\/\/zjarr.tv\/en\/wp-json\/wp\/v2\/users\/2013"}],"replies":[{"embeddable":true,"href":"https:\/\/zjarr.tv\/en\/wp-json\/wp\/v2\/comments?post=87234"}],"version-history":[{"count":0,"href":"https:\/\/zjarr.tv\/en\/wp-json\/wp\/v2\/posts\/87234\/revisions"}],"wp:featuredmedia":[{"embeddable":true,"href":"https:\/\/zjarr.tv\/en\/wp-json\/wp\/v2\/media\/87235"}],"wp:attachment":[{"href":"https:\/\/zjarr.tv\/en\/wp-json\/wp\/v2\/media?parent=87234"}],"wp:term":[{"taxonomy":"category","embeddable":true,"href":"https:\/\/zjarr.tv\/en\/wp-json\/wp\/v2\/categories?post=87234"},{"taxonomy":"post_tag","embeddable":true,"href":"https:\/\/zjarr.tv\/en\/wp-json\/wp\/v2\/tags?post=87234"}],"curies":[{"name":"wp","href":"https:\/\/api.w.org\/{rel}","templated":true}]}}