{"id":87239,"date":"2019-06-01T17:49:58","date_gmt":"2019-06-01T15:49:58","guid":{"rendered":"https:\/\/zjarr.tv\/?p=87239"},"modified":"2019-06-01T17:49:58","modified_gmt":"2019-06-01T15:49:58","slug":"kombetarja-del-huq-edi-reja-shtyn-debutimin","status":"publish","type":"post","link":"https:\/\/zjarr.tv\/en\/kombetarja-del-huq-edi-reja-shtyn-debutimin\/","title":{"rendered":"Komb\u00ebtarja del huq, Edi Reja shtyn debutimin"},"content":{"rendered":"<p>Kushtet atmosferike t\u00eb pap\u00ebrshtatshme kan\u00eb detyruar zyrtar\u00ebt e FSHF-s\u00eb q\u00eb t\u00eb anuloj\u00eb takimin miq\u00ebsor mes komb\u00ebtares A dhe komb\u00ebtares s\u00eb 21 vje\u00e7ar\u00ebve. Vendimi u mor pasi gjat\u00eb koh\u00ebs q\u00eb ishte parashikuar p\u00ebr tu zhvilluar ky takim, n\u00eb stadiumin &#8220;Elbasan Arena&#8221; nisi nj\u00eb bresh\u00ebr i madh, duke b\u00ebr\u00eb q\u00eb kjo ndeshje t\u00eb shtyhet.<\/p>\n<p>Ky duel do t\u00eb ishte i pari p\u00ebr teknikun italian, Edi Reja n\u00eb krye t\u00eb komb\u00ebtares kuqezi, por kushtet atmosferike jan\u00eb v\u00ebn\u00eb kund\u00ebr tij. Si komb\u00ebtarja A ashtu edhe ajo e 21 vje\u00e7ar\u00ebve pritej q\u00eb ta zhvillonin k\u00ebt\u00eb takim p\u00ebr t\u00eb par\u00eb gjendjen e futbollist\u00ebve q\u00eb kan\u00eb n\u00eb organik\u00eb p\u00ebr takimet eliminatore t\u00eb Europianit, p\u00ebrkat\u00ebsisht ndaj Island\u00ebs dhe Turqis\u00eb.<\/p>","protected":false},"excerpt":{"rendered":"<p>Kushtet atmosferike t\u00eb pap\u00ebrshtatshme kan\u00eb detyruar zyrtar\u00ebt e FSHF-s\u00eb q\u00eb t\u00eb anuloj\u00eb takimin miq\u00ebsor mes komb\u00ebtares A dhe komb\u00ebtares s\u00eb 21 vje\u00e7ar\u00ebve. Vendimi u mor pasi gjat\u00eb koh\u00ebs q\u00eb ishte parashikuar p\u00ebr tu zhvilluar ky takim, n\u00eb stadiumin &#8220;Elbasan Arena&#8221; nisi nj\u00eb bresh\u00ebr i madh, duke b\u00ebr\u00eb q\u00eb kjo ndeshje t\u00eb shtyhet. Ky duel do [&hellip;]<\/p>\n","protected":false},"author":2013,"featured_media":86476,"comment_status":"open","ping_status":"closed","sticky":false,"template":"","format":"standard","meta":{"footnotes":""},"categories":[241,192],"tags":[],"class_list":{"0":"post-87239","1":"post","2":"type-post","3":"status-publish","4":"format-standard","5":"has-post-thumbnail","7":"category-aktualitet","8":"category-sport"},"_links":{"self":[{"href":"https:\/\/zjarr.tv\/en\/wp-json\/wp\/v2\/posts\/87239","targetHints":{"allow":["GET"]}}],"collection":[{"href":"https:\/\/zjarr.tv\/en\/wp-json\/wp\/v2\/posts"}],"about":[{"href":"https:\/\/zjarr.tv\/en\/wp-json\/wp\/v2\/types\/post"}],"author":[{"embeddable":true,"href":"https:\/\/zjarr.tv\/en\/wp-json\/wp\/v2\/users\/2013"}],"replies":[{"embeddable":true,"href":"https:\/\/zjarr.tv\/en\/wp-json\/wp\/v2\/comments?post=87239"}],"version-history":[{"count":0,"href":"https:\/\/zjarr.tv\/en\/wp-json\/wp\/v2\/posts\/87239\/revisions"}],"wp:featuredmedia":[{"embeddable":true,"href":"https:\/\/zjarr.tv\/en\/wp-json\/wp\/v2\/media\/86476"}],"wp:attachment":[{"href":"https:\/\/zjarr.tv\/en\/wp-json\/wp\/v2\/media?parent=87239"}],"wp:term":[{"taxonomy":"category","embeddable":true,"href":"https:\/\/zjarr.tv\/en\/wp-json\/wp\/v2\/categories?post=87239"},{"taxonomy":"post_tag","embeddable":true,"href":"https:\/\/zjarr.tv\/en\/wp-json\/wp\/v2\/tags?post=87239"}],"curies":[{"name":"wp","href":"https:\/\/api.w.org\/{rel}","templated":true}]}}