{"id":87241,"date":"2019-06-01T17:50:55","date_gmt":"2019-06-01T15:50:55","guid":{"rendered":"https:\/\/zjarr.tv\/?p=87241"},"modified":"2019-06-01T17:50:55","modified_gmt":"2019-06-01T15:50:55","slug":"protesta-e-2-qershorit-noka-apel-shqiptareve-dita-te-refuzojme-te-keqen-qe-mban-emrin-edi-rama","status":"publish","type":"post","link":"https:\/\/zjarr.tv\/en\/protesta-e-2-qershorit-noka-apel-shqiptareve-dita-te-refuzojme-te-keqen-qe-mban-emrin-edi-rama\/","title":{"rendered":"Protesta e 2 Qershorit\/ Noka apel shqiptar\u00ebve: Dita t\u00eb refuzojm\u00eb t\u00eb keqen q\u00eb mban emrin Edi Rama"},"content":{"rendered":"<p>Nj\u00eb dit\u00eb para protest\u00ebs s\u00eb 2 Qershorit, ish deputeti i PD, Flamur Noka fton qytetar\u00ebt t\u00eb ngrihen p\u00ebr at\u00eb q\u00eb ai e quan, \u00ebndrra e kahershme e shqiptar\u00ebve, \u201cShqip\u00ebria si Europa\u201d.<\/p>\n<p>P\u00ebrmes nj\u00eb postimi n\u00eb rrjetet sociale, ish deputeti demokrat shprehet se, 2 Qershori \u00ebsht\u00eb dita p\u00ebr t\u00eb refuzuar t\u00eb keqen q\u00eb mban emrin Edi Rama.<\/p>\n<p>\u201cNes\u00ebr, 2 Qershor, \u00ebsht\u00eb dita t\u00eb refuzojm\u00eb t\u00eb keqen q\u00eb mban emrin Edi Rama. Nes\u00ebr \u00ebsht\u00eb dita t\u00eb ngjallim shpres\u00ebn se ky vend ka t\u00eb ardhme.Nes\u00ebr \u00ebsht\u00eb dita t\u00eb ngrihemi p\u00ebr \u00ebndrr\u00ebn ton\u00eb t\u00eb kahershme \u201cShqip\u00ebria si Europa\u201d..Asnj\u00eb hap pas&#8230;\u201d, shkruan Noka n\u00eb reagimin e tij.<\/p>\n<p>&nbsp;<\/p>","protected":false},"excerpt":{"rendered":"<p>Nj\u00eb dit\u00eb para protest\u00ebs s\u00eb 2 Qershorit, ish deputeti i PD, Flamur Noka fton qytetar\u00ebt t\u00eb ngrihen p\u00ebr at\u00eb q\u00eb ai e quan, \u00ebndrra e kahershme e shqiptar\u00ebve, \u201cShqip\u00ebria si Europa\u201d. P\u00ebrmes nj\u00eb postimi n\u00eb rrjetet sociale, ish deputeti demokrat shprehet se, 2 Qershori \u00ebsht\u00eb dita p\u00ebr t\u00eb refuzuar t\u00eb keqen q\u00eb mban emrin Edi [&hellip;]<\/p>\n","protected":false},"author":2013,"featured_media":51686,"comment_status":"open","ping_status":"closed","sticky":false,"template":"","format":"standard","meta":{"footnotes":""},"categories":[241,235],"tags":[],"class_list":{"0":"post-87241","1":"post","2":"type-post","3":"status-publish","4":"format-standard","5":"has-post-thumbnail","7":"category-aktualitet","8":"category-vendi"},"_links":{"self":[{"href":"https:\/\/zjarr.tv\/en\/wp-json\/wp\/v2\/posts\/87241","targetHints":{"allow":["GET"]}}],"collection":[{"href":"https:\/\/zjarr.tv\/en\/wp-json\/wp\/v2\/posts"}],"about":[{"href":"https:\/\/zjarr.tv\/en\/wp-json\/wp\/v2\/types\/post"}],"author":[{"embeddable":true,"href":"https:\/\/zjarr.tv\/en\/wp-json\/wp\/v2\/users\/2013"}],"replies":[{"embeddable":true,"href":"https:\/\/zjarr.tv\/en\/wp-json\/wp\/v2\/comments?post=87241"}],"version-history":[{"count":0,"href":"https:\/\/zjarr.tv\/en\/wp-json\/wp\/v2\/posts\/87241\/revisions"}],"wp:featuredmedia":[{"embeddable":true,"href":"https:\/\/zjarr.tv\/en\/wp-json\/wp\/v2\/media\/51686"}],"wp:attachment":[{"href":"https:\/\/zjarr.tv\/en\/wp-json\/wp\/v2\/media?parent=87241"}],"wp:term":[{"taxonomy":"category","embeddable":true,"href":"https:\/\/zjarr.tv\/en\/wp-json\/wp\/v2\/categories?post=87241"},{"taxonomy":"post_tag","embeddable":true,"href":"https:\/\/zjarr.tv\/en\/wp-json\/wp\/v2\/tags?post=87241"}],"curies":[{"name":"wp","href":"https:\/\/api.w.org\/{rel}","templated":true}]}}