{"id":87243,"date":"2019-06-01T17:52:03","date_gmt":"2019-06-01T15:52:03","guid":{"rendered":"https:\/\/zjarr.tv\/?p=87243"},"modified":"2019-06-01T17:52:03","modified_gmt":"2019-06-01T15:52:03","slug":"rama-per-opoziten-ata-dhunues-nga-paniku-ne-u-drejtohemi-shqiptareve","status":"publish","type":"post","link":"https:\/\/zjarr.tv\/en\/rama-per-opoziten-ata-dhunues-nga-paniku-ne-u-drejtohemi-shqiptareve\/","title":{"rendered":"Rama p\u00ebr opozit\u00ebn: Ata dhunues nga paniku, ne u drejtohemi shqiptar\u00ebve"},"content":{"rendered":"<p>N\u00eb fjal\u00ebn e tij n\u00eb \u00e7eljen e fushat\u00ebs p\u00ebr zgjedhjet vendore, kryeministri edi Rama u shpreh se 30 vite jan\u00eb boll p\u00ebr t\u2019i dh\u00ebn\u00eb fund loj\u00ebrave politike n\u00eb d\u00ebm t\u00eb Shqip\u00ebris\u00eb. Nd\u00ebrsa b\u00ebri nj\u00eb bilanc t\u00eb maxhoranc\u00ebs q\u00eb drejton dhe opozit\u00ebs q\u00eb proteston n\u00eb rrug\u00eb, Rama tha se ka nj\u00eb problem ata jan\u00eb pakic\u00eb, dembel\u00eb e t\u00eb paaft\u00eb nd\u00ebrsa krej e kund\u00ebrta ndodh me ekipin e tij.<\/p>\n<p>\u201cS\u2019\u00ebsht\u00eb par\u00eb askund, e s\u2019ka shans t\u00eb shihet k\u00ebtu n\u00eb k\u00ebt\u00eb vend, ku jan\u00eb boll 30 vjet p\u00ebr ti dh\u00ebn\u00eb fund loj\u00ebrave politike n\u00eb d\u00ebm t\u00eb shtetit t\u00eb s\u00eb drejt\u00ebs. Kan\u00eb gjith\u00eb t\u00eb drejt\u00ebn t\u00eb luftojn\u00eb qeverin\u00eb, t\u00eb ul\u00ebrasin kund\u00ebr cdo gj\u00ebje, jan\u00eb n\u00eb t\u00eb drejt\u00ebn e tyre t\u00eb na shajn\u00eb e t\u00eb na mallkojn\u00eb \u00ebsht\u00eb e drejt\u00eb e tyre edhe t\u00eb mos l\u00ebn\u00eb dy gur\u00eb bashk\u00eb p\u00ebr t\u00eb sabortuar BE-ne, por ta harrojn\u00eb se kan\u00eb n\u00eb dor\u00eb gj\u00eb tjet\u00ebr ve\u00e7se t\u00eb vetwvriten politikisht. Ata kan\u00eb nj\u00eb problem, jan\u00eb pak, ne kemi nj\u00eb avantazh jemi shum\u00eb. Ata jan\u00eb dembel\u00eb, dhe t\u00eb paaft\u00eb p\u00ebr t\u00eb drejtuar, ne jemi pun\u00ebtor\u00eb e t\u00eb p\u00ebrkushtuar n\u00eb drejtim. Ata jan\u00eb frikacak\u00eb, dhe t\u00eb alarmuar nga reforma n\u00eb drejt\u00ebsi, ne jemi guximtar\u00eb e t\u00eb vendosur ta b\u00ebjm\u00eb k\u00ebt\u00eb vend shtet ku drejt\u00ebsia \u00ebsht\u00eb nj\u00eb p\u00ebr t\u00eb gjith\u00eb e t\u00eb gjith\u00eb jan\u00eb t\u00eb barabart\u00eb para drejt\u00ebsis\u00eb.<\/p>\n<p>Ata jan\u00eb n\u00eb panik dhe ndaj i drejtohen dhun\u00ebs, ne jemi n\u00eb t\u00eb drejt\u00ebn ton\u00eb e ndaj iu drejtohemi shqiptar\u00ebve. Ata jan\u00eb t\u00eb verbuar nga d\u00ebshp\u00ebrimi, ne jemi t\u00eb zgjedhur t\u00eb udh\u00ebheqim e ndaj duhet t\u00eb ecim p\u00ebrpara. Ne s jemi m\u00eb t\u00eb mir\u00ebt, por m\u00eb t\u00eb mir\u00eb se ne ky vend nuk ka par\u00eb. Kthehuni pak n\u00eb histori e kujtoni si jan\u00eb ndar\u00eb 30 vjet rrug\u00ebt p\u00ebr shqip\u00ebrin\u00eb europian\u00eb. Ata prish, ne rregullo, ata p\u00ebrca e sundo ne mblidh e bashko, ata pas ne b\u00ebjm\u00eb p\u00ebrpara, lajm\u00eb borxhet e tyre, e rind\u00ebrtojm\u00eb themelet e ekonomis\u00eb. Ata luft\u00eb p\u00ebr pushtet, ne mund p\u00ebr t\u00eb b\u00ebr\u00eb shtet. Kujtoni Tiran\u00ebn e tyre, shikoni Tiran\u00ebn ton\u00eb. Shikoni bashkit\u00eb, vet\u00ebm 4 vjet n\u00eb dor\u00ebn ton\u00eb, asnj\u00eb nuk \u00ebsht\u00eb si e duam nes\u00ebr p\u00ebr f\u00ebmij\u00ebt, po shihini ku jan\u00eb sot krahasuar me ku ishin dje, vet\u00ebm 4 vite m\u00eb par\u00eb. \u00a0Rilindja urbane ka rikthyer drit\u00ebn e shpres\u00ebs ku ne kemi qeverisur.<\/p>\n<p>Ata shaj, ne puno e rind\u00ebrto, shikoni sot Sharr\u00ebn e plehrave, q\u00eb n\u00eb koh\u00ebn e tyre digjeshin e prodhonin re, e d\u00ebgjoni si na shajn\u00eb e akuzojn\u00eb pse e kemi kthyer n\u00eb park t\u00eb fjal\u00ebs s\u00eb fundit. Vjedhje vjedhje .. kudo ku kemi investuar p\u00ebr t\u00eb zeruar nga ndotja e plehrave vet\u00ebm akuzojn\u00eb p\u00ebr vjedhje. Priteni kur t\u00eb fillojn\u00eb edhe p\u00ebr Porto Romanon, Lungomaren e Bulevardin e ri, edhe n\u00eb Lezhe ku jemi aktualisht duke vjedhur n\u00eb Milot Balldren q\u00eb ata e kthyen si autorstrad\u00eb t\u00eb vdekjes nd\u00ebrsa ne n\u00eb rrug\u00eb europiane. Vjedhje edhe n\u00eb Shkod\u00ebr, ku pasi i b\u00ebm\u00eb ca pun\u00eb duke anashkaluar kryebashkiaken m\u00eb t\u00eb paaft\u00eb do \u2018vjedhim\u2019 me Valdrinin duke investuar n\u00eb bregun e liqenit, si longomare e Vlor\u00ebs. Si ka mund\u00ebsi q\u00eb flasin vec p\u00ebr vjedhje e kudo q\u00eb nis nj\u00eb pun\u00eb, e kan\u00eb n\u00eb maj\u00eb t\u00eb gjuh\u00ebs, vjedhje, vjedhje. P\u00ebr ta t\u00eb puno\u00ebsh do t\u00eb thot\u00eb t\u00eb vjedh\u00ebsh, e kan\u00eb vjedhur n\u00eb cdo pun\u00eb q\u00eb kan\u00eb b\u00ebr\u00eb. S\u2019kemi c\u2019u b\u00ebjn\u00eb jan\u00eb t\u00eb mbrapsht\u00eb.\u201d U shpreh Rama.<\/p>\n<p>&nbsp;<\/p>","protected":false},"excerpt":{"rendered":"<p>N\u00eb fjal\u00ebn e tij n\u00eb \u00e7eljen e fushat\u00ebs p\u00ebr zgjedhjet vendore, kryeministri edi Rama u shpreh se 30 vite jan\u00eb boll p\u00ebr t\u2019i dh\u00ebn\u00eb fund loj\u00ebrave politike n\u00eb d\u00ebm t\u00eb Shqip\u00ebris\u00eb. Nd\u00ebrsa b\u00ebri nj\u00eb bilanc t\u00eb maxhoranc\u00ebs q\u00eb drejton dhe opozit\u00ebs q\u00eb proteston n\u00eb rrug\u00eb, Rama tha se ka nj\u00eb problem ata jan\u00eb pakic\u00eb, dembel\u00eb [&hellip;]<\/p>\n","protected":false},"author":2013,"featured_media":87244,"comment_status":"open","ping_status":"closed","sticky":false,"template":"","format":"standard","meta":{"footnotes":""},"categories":[241,235],"tags":[],"class_list":{"0":"post-87243","1":"post","2":"type-post","3":"status-publish","4":"format-standard","5":"has-post-thumbnail","7":"category-aktualitet","8":"category-vendi"},"_links":{"self":[{"href":"https:\/\/zjarr.tv\/en\/wp-json\/wp\/v2\/posts\/87243","targetHints":{"allow":["GET"]}}],"collection":[{"href":"https:\/\/zjarr.tv\/en\/wp-json\/wp\/v2\/posts"}],"about":[{"href":"https:\/\/zjarr.tv\/en\/wp-json\/wp\/v2\/types\/post"}],"author":[{"embeddable":true,"href":"https:\/\/zjarr.tv\/en\/wp-json\/wp\/v2\/users\/2013"}],"replies":[{"embeddable":true,"href":"https:\/\/zjarr.tv\/en\/wp-json\/wp\/v2\/comments?post=87243"}],"version-history":[{"count":0,"href":"https:\/\/zjarr.tv\/en\/wp-json\/wp\/v2\/posts\/87243\/revisions"}],"wp:featuredmedia":[{"embeddable":true,"href":"https:\/\/zjarr.tv\/en\/wp-json\/wp\/v2\/media\/87244"}],"wp:attachment":[{"href":"https:\/\/zjarr.tv\/en\/wp-json\/wp\/v2\/media?parent=87243"}],"wp:term":[{"taxonomy":"category","embeddable":true,"href":"https:\/\/zjarr.tv\/en\/wp-json\/wp\/v2\/categories?post=87243"},{"taxonomy":"post_tag","embeddable":true,"href":"https:\/\/zjarr.tv\/en\/wp-json\/wp\/v2\/tags?post=87243"}],"curies":[{"name":"wp","href":"https:\/\/api.w.org\/{rel}","templated":true}]}}