{"id":87255,"date":"2019-06-01T18:03:39","date_gmt":"2019-06-01T16:03:39","guid":{"rendered":"https:\/\/zjarr.tv\/?p=87255"},"modified":"2019-06-01T18:03:39","modified_gmt":"2019-06-01T16:03:39","slug":"ramakush-pengon-zgjedhjet-sshkel-ne-shba-e-be","status":"publish","type":"post","link":"https:\/\/zjarr.tv\/en\/ramakush-pengon-zgjedhjet-sshkel-ne-shba-e-be\/","title":{"rendered":"Rama:Kush pengon zgjedhjet s\u2019shkel n\u00eb SHBA e BE"},"content":{"rendered":"<p>Nj\u00eb mesazh p\u00ebr ish-kryeministrin Sali Berisha dhe kryedemokratin Lulzim Basha q\u00eb t\u00eb mos p\u00ebrpiqen t\u00eb pengojn\u00eb zgjedhjet pasi jan\u00eb duke luajtur me zjarrin dha i par ii qeveris\u00eb n\u00eb nisje t\u00eb fushat\u00ebs zgjedhore.<\/p>\n<p>Por jo vet\u00ebm kaq, ai tha se \u00e7do shqiptar q\u00eb do vendos\u00eb t\u00eb shkel\u00eb ligjni dhe Kushtetut\u00ebn jo vet\u00ebm do d\u00ebnohet ashtu si\u00e7 ligji parashikon, por edhe do ju ndalohet hyrja n\u00eb SHBA apo BE.<\/p>\n<p>\u201cNuk duam t\u00eb shohim ask\u00ebnd prapa hekurave p\u00ebr shkak t\u00eb nj\u00eb plaku t\u00eb marr\u00eb, ndaj do ju dalim borxhit gjat\u00eb gjith\u00eb k\u00ebtyre dit\u00ebve, do ju tregojm\u00eb me durim ku jan\u00eb kufijt\u00eb e ligjit, do ju tregojm\u00eb \u00e7far\u00eb thuhet n\u00eb kod. Do jemi t\u00eb v\u00ebrtet\u00eb dhe do ju themi sa keq p\u00ebrfundon nj\u00eb njeri q\u00eb dhunon t\u00eb drejt\u00ebn zgjedhjore. Shkon deri aty sa i pengon vetes dhe familjes lirin\u00eb p\u00ebr l\u00ebvizje n\u00eb SHBA, po ashtu edhe t\u00eb hyrjes n\u00eb BE. Un\u00eb kam bindjen se 30 qershori do jet\u00eb nj\u00eb dit\u00eb ku shum\u00eb prej atyre q\u00eb i dalin atyre n\u00eb krah\u00eb s\u2019 do pranojn\u00eb t\u2019ju binden\u201d<\/p>\n<p>&nbsp;<\/p>","protected":false},"excerpt":{"rendered":"<p>Nj\u00eb mesazh p\u00ebr ish-kryeministrin Sali Berisha dhe kryedemokratin Lulzim Basha q\u00eb t\u00eb mos p\u00ebrpiqen t\u00eb pengojn\u00eb zgjedhjet pasi jan\u00eb duke luajtur me zjarrin dha i par ii qeveris\u00eb n\u00eb nisje t\u00eb fushat\u00ebs zgjedhore. Por jo vet\u00ebm kaq, ai tha se \u00e7do shqiptar q\u00eb do vendos\u00eb t\u00eb shkel\u00eb ligjni dhe Kushtetut\u00ebn jo vet\u00ebm do d\u00ebnohet ashtu [&hellip;]<\/p>\n","protected":false},"author":2013,"featured_media":87244,"comment_status":"open","ping_status":"closed","sticky":false,"template":"","format":"standard","meta":{"footnotes":""},"categories":[241,235],"tags":[],"class_list":{"0":"post-87255","1":"post","2":"type-post","3":"status-publish","4":"format-standard","5":"has-post-thumbnail","7":"category-aktualitet","8":"category-vendi"},"_links":{"self":[{"href":"https:\/\/zjarr.tv\/en\/wp-json\/wp\/v2\/posts\/87255","targetHints":{"allow":["GET"]}}],"collection":[{"href":"https:\/\/zjarr.tv\/en\/wp-json\/wp\/v2\/posts"}],"about":[{"href":"https:\/\/zjarr.tv\/en\/wp-json\/wp\/v2\/types\/post"}],"author":[{"embeddable":true,"href":"https:\/\/zjarr.tv\/en\/wp-json\/wp\/v2\/users\/2013"}],"replies":[{"embeddable":true,"href":"https:\/\/zjarr.tv\/en\/wp-json\/wp\/v2\/comments?post=87255"}],"version-history":[{"count":0,"href":"https:\/\/zjarr.tv\/en\/wp-json\/wp\/v2\/posts\/87255\/revisions"}],"wp:featuredmedia":[{"embeddable":true,"href":"https:\/\/zjarr.tv\/en\/wp-json\/wp\/v2\/media\/87244"}],"wp:attachment":[{"href":"https:\/\/zjarr.tv\/en\/wp-json\/wp\/v2\/media?parent=87255"}],"wp:term":[{"taxonomy":"category","embeddable":true,"href":"https:\/\/zjarr.tv\/en\/wp-json\/wp\/v2\/categories?post=87255"},{"taxonomy":"post_tag","embeddable":true,"href":"https:\/\/zjarr.tv\/en\/wp-json\/wp\/v2\/tags?post=87255"}],"curies":[{"name":"wp","href":"https:\/\/api.w.org\/{rel}","templated":true}]}}