{"id":87264,"date":"2019-06-02T13:48:41","date_gmt":"2019-06-02T11:48:41","guid":{"rendered":"https:\/\/zjarr.tv\/?p=87264"},"modified":"2019-06-02T13:48:41","modified_gmt":"2019-06-02T11:48:41","slug":"idrizi-mos-te-merzitet-greqia-kur-i-themi-qe-cameria-eshte-toke-shqiptare","status":"publish","type":"post","link":"https:\/\/zjarr.tv\/en\/idrizi-mos-te-merzitet-greqia-kur-i-themi-qe-cameria-eshte-toke-shqiptare\/","title":{"rendered":"Idrizi: Mos t\u00eb m\u00ebrzitet Greqia kur i themi q\u00eb \u00c7am\u00ebria \u00ebsht\u00eb tok\u00eb shqiptare"},"content":{"rendered":"<p>Shoqata \u00c7am\u00ebria n\u00eb kuad\u00ebr t\u00eb 75-vjetorit t\u00eb Genocidit grek mbi Shqiptar\u00ebt e \u00c7am\u00ebris\u00eb, ka zhvilluar nj\u00eb aktivitet n\u00eb kujtim t\u00eb Gjeneral Enrico Tellinit, i cili mbrojti kufijt\u00eb e Shqip\u00ebris\u00eb n\u00eb vitet 1922-1923, para se t\u00eb vritej nga Greqia pran\u00eb Janin\u00ebs. N\u00eb k\u00ebt\u00eb aktivitet mori pjes\u00eb edhe kryetari i PDIU-s\u00eb, Shp\u00ebtim Idrizi. Kreu i PDIU-s\u00eb tha se Greqia nuk duhet t\u00eb m\u00ebrzitet pse i themi q\u00eb \u00c7am\u00ebria \u00ebsht\u00eb tok\u00eb shqiptare.<br \/>\n\u201cMos t\u00eb m\u00ebrzitet Greqia kur i themi q\u00eb \u00c7am\u00ebria \u00ebsht\u00eb tok\u00eb shqiptare, ka q\u00ebn\u00eb, \u00ebsht\u00eb dhe do t\u00eb jet\u00eb tok\u00eb shqiptare. \u00c7am\u00ebria \u00ebsht\u00eb tok\u00eb shqiptare, e marr\u00eb nga nj\u00eb padrejt\u00ebsi historike. Kush nuk e di k\u00ebt\u00eb gj\u00eb t\u00eb lexoj\u00eb librat dhe autor\u00ebt e lasht\u00eb grek\u00eb. Pse ne sot duhet ta heqim termin \u00c7am\u00ebri? Pse ne sot nuk duhet t\u00eb flasim p\u00ebr t\u00eb drejtat e shqiptar\u00ebve t\u00eb \u00c7am\u00ebris\u00eb, p\u00ebr tu kthyer n\u00eb sht\u00ebpin\u00eb ton\u00eb. P\u00ebr t\u00eb fituar t\u00eb drejtat njer\u00ebzore dhe civile, ato mbi t\u00eb cilat \u00ebsht\u00eb ngritur bota e qytet\u00ebruar\u201d, &#8211; u shpreh kryetari i PDIU-s\u00eb.<br \/>\nGjithashtu Idrizi tregoi se kush \u00ebsht\u00eb Gjeneral Tellini dhe se do t\u00eb propozoj\u00eb q\u00eb Presidenti i Republik\u00ebs ta dekoroj\u00eb p\u00ebr kontributin q\u00eb ai ka dh\u00ebn\u00eb p\u00ebr Shqip\u00ebrin\u00eb.<\/p>","protected":false},"excerpt":{"rendered":"<p>Shoqata \u00c7am\u00ebria n\u00eb kuad\u00ebr t\u00eb 75-vjetorit t\u00eb Genocidit grek mbi Shqiptar\u00ebt e \u00c7am\u00ebris\u00eb, ka zhvilluar nj\u00eb aktivitet n\u00eb kujtim t\u00eb Gjeneral Enrico Tellinit, i cili mbrojti kufijt\u00eb e Shqip\u00ebris\u00eb n\u00eb vitet 1922-1923, para se t\u00eb vritej nga Greqia pran\u00eb Janin\u00ebs. N\u00eb k\u00ebt\u00eb aktivitet mori pjes\u00eb edhe kryetari i PDIU-s\u00eb, Shp\u00ebtim Idrizi. Kreu i PDIU-s\u00eb tha [&hellip;]<\/p>\n","protected":false},"author":2013,"featured_media":87265,"comment_status":"open","ping_status":"closed","sticky":false,"template":"","format":"standard","meta":{"footnotes":""},"categories":[241,235],"tags":[],"class_list":{"0":"post-87264","1":"post","2":"type-post","3":"status-publish","4":"format-standard","5":"has-post-thumbnail","7":"category-aktualitet","8":"category-vendi"},"_links":{"self":[{"href":"https:\/\/zjarr.tv\/en\/wp-json\/wp\/v2\/posts\/87264","targetHints":{"allow":["GET"]}}],"collection":[{"href":"https:\/\/zjarr.tv\/en\/wp-json\/wp\/v2\/posts"}],"about":[{"href":"https:\/\/zjarr.tv\/en\/wp-json\/wp\/v2\/types\/post"}],"author":[{"embeddable":true,"href":"https:\/\/zjarr.tv\/en\/wp-json\/wp\/v2\/users\/2013"}],"replies":[{"embeddable":true,"href":"https:\/\/zjarr.tv\/en\/wp-json\/wp\/v2\/comments?post=87264"}],"version-history":[{"count":0,"href":"https:\/\/zjarr.tv\/en\/wp-json\/wp\/v2\/posts\/87264\/revisions"}],"wp:featuredmedia":[{"embeddable":true,"href":"https:\/\/zjarr.tv\/en\/wp-json\/wp\/v2\/media\/87265"}],"wp:attachment":[{"href":"https:\/\/zjarr.tv\/en\/wp-json\/wp\/v2\/media?parent=87264"}],"wp:term":[{"taxonomy":"category","embeddable":true,"href":"https:\/\/zjarr.tv\/en\/wp-json\/wp\/v2\/categories?post=87264"},{"taxonomy":"post_tag","embeddable":true,"href":"https:\/\/zjarr.tv\/en\/wp-json\/wp\/v2\/tags?post=87264"}],"curies":[{"name":"wp","href":"https:\/\/api.w.org\/{rel}","templated":true}]}}