{"id":87278,"date":"2019-06-02T14:12:02","date_gmt":"2019-06-02T12:12:02","guid":{"rendered":"https:\/\/zjarr.tv\/?p=87278"},"modified":"2019-06-02T14:12:02","modified_gmt":"2019-06-02T12:12:02","slug":"ne-kerkim-te-8-alpinisteve-u-zhduken-ne-himalaje","status":"publish","type":"post","link":"https:\/\/zjarr.tv\/en\/ne-kerkim-te-8-alpinisteve-u-zhduken-ne-himalaje\/","title":{"rendered":"N\u00eb k\u00ebrkim t\u00eb 8 alpinist\u00ebve, u zhduk\u00ebn n\u00eb Himalaje"},"content":{"rendered":"<p>Nj\u00eb grup prej 8 alpinist\u00ebsh jan\u00eb zhdukur gjat\u00eb ngjitjes n\u00eb Himalaje n\u00eb Indi.<\/p>\n<p>Kat\u00ebr britanik\u00eb, dy amerikan\u00eb, nj\u00eb australian dhe nj\u00eb indian u zhduk\u00ebn gjat\u00eb ekspedit\u00ebs s\u00eb tyre.<\/p>\n<p>Tet\u00eb t\u00eb zhdukurit ishin pjes\u00eb e nj\u00eb ekipi prej 12 vet\u00ebsh, t\u00eb cil\u00ebt u nis\u00ebn nga fshati Munsiyari m\u00eb 13 maj. Por 12 dit\u00eb m\u00eb von\u00eb, m\u00eb 25 maj, vet\u00ebm kat\u00ebr prej grupit u kthyen n\u00eb kampin baz\u00eb.<\/p>\n<p>Grupi duhej t\u00eb arrinte n\u00eb kampin baz\u00eb m\u00eb 26 maj. Kampi baz\u00eb ndodhet n\u00eb lart\u00ebsi prej 6,500 metra mbi nivelin e detit.<\/p>\n<p>&nbsp;<\/p>","protected":false},"excerpt":{"rendered":"<p>Nj\u00eb grup prej 8 alpinist\u00ebsh jan\u00eb zhdukur gjat\u00eb ngjitjes n\u00eb Himalaje n\u00eb Indi. Kat\u00ebr britanik\u00eb, dy amerikan\u00eb, nj\u00eb australian dhe nj\u00eb indian u zhduk\u00ebn gjat\u00eb ekspedit\u00ebs s\u00eb tyre. Tet\u00eb t\u00eb zhdukurit ishin pjes\u00eb e nj\u00eb ekipi prej 12 vet\u00ebsh, t\u00eb cil\u00ebt u nis\u00ebn nga fshati Munsiyari m\u00eb 13 maj. Por 12 dit\u00eb m\u00eb von\u00eb, m\u00eb [&hellip;]<\/p>\n","protected":false},"author":2013,"featured_media":87279,"comment_status":"open","ping_status":"closed","sticky":false,"template":"","format":"standard","meta":{"footnotes":""},"categories":[241,191],"tags":[],"class_list":{"0":"post-87278","1":"post","2":"type-post","3":"status-publish","4":"format-standard","5":"has-post-thumbnail","7":"category-aktualitet","8":"category-bota"},"_links":{"self":[{"href":"https:\/\/zjarr.tv\/en\/wp-json\/wp\/v2\/posts\/87278","targetHints":{"allow":["GET"]}}],"collection":[{"href":"https:\/\/zjarr.tv\/en\/wp-json\/wp\/v2\/posts"}],"about":[{"href":"https:\/\/zjarr.tv\/en\/wp-json\/wp\/v2\/types\/post"}],"author":[{"embeddable":true,"href":"https:\/\/zjarr.tv\/en\/wp-json\/wp\/v2\/users\/2013"}],"replies":[{"embeddable":true,"href":"https:\/\/zjarr.tv\/en\/wp-json\/wp\/v2\/comments?post=87278"}],"version-history":[{"count":0,"href":"https:\/\/zjarr.tv\/en\/wp-json\/wp\/v2\/posts\/87278\/revisions"}],"wp:featuredmedia":[{"embeddable":true,"href":"https:\/\/zjarr.tv\/en\/wp-json\/wp\/v2\/media\/87279"}],"wp:attachment":[{"href":"https:\/\/zjarr.tv\/en\/wp-json\/wp\/v2\/media?parent=87278"}],"wp:term":[{"taxonomy":"category","embeddable":true,"href":"https:\/\/zjarr.tv\/en\/wp-json\/wp\/v2\/categories?post=87278"},{"taxonomy":"post_tag","embeddable":true,"href":"https:\/\/zjarr.tv\/en\/wp-json\/wp\/v2\/tags?post=87278"}],"curies":[{"name":"wp","href":"https:\/\/api.w.org\/{rel}","templated":true}]}}