{"id":87287,"date":"2019-06-02T14:20:51","date_gmt":"2019-06-02T12:20:51","guid":{"rendered":"https:\/\/zjarr.tv\/?p=87287"},"modified":"2019-06-02T14:20:51","modified_gmt":"2019-06-02T12:20:51","slug":"durres-14-vjecarja-i-jep-fund-jetes-me-fostoksine","status":"publish","type":"post","link":"https:\/\/zjarr.tv\/en\/durres-14-vjecarja-i-jep-fund-jetes-me-fostoksine\/","title":{"rendered":"Durr\u00ebs, 14-vje\u00e7arja i jep fund jet\u00ebs me fostoksin\u00eb"},"content":{"rendered":"<p>Nj\u00eb 14 vje\u00e7are i ka dh\u00ebn\u00eb fund jet\u00ebs n\u00eb fshatin Rrashbull, n\u00eb Durr\u00ebs. M\u00ebsohet se shtet\u00ebsja me iniciale M.H \u00ebsht\u00eb vethelmuar me fostoksin\u00eb dhe menj\u00ebher\u00eb pas ngjarjes \u00ebsht\u00eb transportuar n\u00eb Spitalin Toksikologjik n\u00eb Tiran\u00eb, ku edhe ka nd\u00ebrruar jet\u00eb.<\/p>\n<p>\u201cDurr\u00ebs<\/p>\n<p>N\u00eb fshatin Rrashbull, Durr\u00ebs, shtetasja e mitur me iniciale M.H., 14 vje\u00e7e, dyshohet se \u00ebsht\u00eb vet\u2019helmuar me fostoksin\u00eb, e cila pasi \u00ebsht\u00eb transportuar n\u00eb Spitalin Toksikologjik Tiran\u00eb,\u00a0 ka humbur jet\u00ebn.<\/p>\n<p>Materialet hetimore i kaluan Prokuroris\u00eb p\u00ebr veprime t\u00eb m\u00ebtejshme.\u201d-njofton policia.<\/p>\n<p>&nbsp;<\/p>","protected":false},"excerpt":{"rendered":"<p>Nj\u00eb 14 vje\u00e7are i ka dh\u00ebn\u00eb fund jet\u00ebs n\u00eb fshatin Rrashbull, n\u00eb Durr\u00ebs. M\u00ebsohet se shtet\u00ebsja me iniciale M.H \u00ebsht\u00eb vethelmuar me fostoksin\u00eb dhe menj\u00ebher\u00eb pas ngjarjes \u00ebsht\u00eb transportuar n\u00eb Spitalin Toksikologjik n\u00eb Tiran\u00eb, ku edhe ka nd\u00ebrruar jet\u00eb. \u201cDurr\u00ebs N\u00eb fshatin Rrashbull, Durr\u00ebs, shtetasja e mitur me iniciale M.H., 14 vje\u00e7e, dyshohet se \u00ebsht\u00eb [&hellip;]<\/p>\n","protected":false},"author":2013,"featured_media":87288,"comment_status":"open","ping_status":"closed","sticky":false,"template":"","format":"standard","meta":{"footnotes":""},"categories":[241,235],"tags":[],"class_list":{"0":"post-87287","1":"post","2":"type-post","3":"status-publish","4":"format-standard","5":"has-post-thumbnail","7":"category-aktualitet","8":"category-vendi"},"_links":{"self":[{"href":"https:\/\/zjarr.tv\/en\/wp-json\/wp\/v2\/posts\/87287","targetHints":{"allow":["GET"]}}],"collection":[{"href":"https:\/\/zjarr.tv\/en\/wp-json\/wp\/v2\/posts"}],"about":[{"href":"https:\/\/zjarr.tv\/en\/wp-json\/wp\/v2\/types\/post"}],"author":[{"embeddable":true,"href":"https:\/\/zjarr.tv\/en\/wp-json\/wp\/v2\/users\/2013"}],"replies":[{"embeddable":true,"href":"https:\/\/zjarr.tv\/en\/wp-json\/wp\/v2\/comments?post=87287"}],"version-history":[{"count":0,"href":"https:\/\/zjarr.tv\/en\/wp-json\/wp\/v2\/posts\/87287\/revisions"}],"wp:featuredmedia":[{"embeddable":true,"href":"https:\/\/zjarr.tv\/en\/wp-json\/wp\/v2\/media\/87288"}],"wp:attachment":[{"href":"https:\/\/zjarr.tv\/en\/wp-json\/wp\/v2\/media?parent=87287"}],"wp:term":[{"taxonomy":"category","embeddable":true,"href":"https:\/\/zjarr.tv\/en\/wp-json\/wp\/v2\/categories?post=87287"},{"taxonomy":"post_tag","embeddable":true,"href":"https:\/\/zjarr.tv\/en\/wp-json\/wp\/v2\/tags?post=87287"}],"curies":[{"name":"wp","href":"https:\/\/api.w.org\/{rel}","templated":true}]}}