{"id":87294,"date":"2019-06-02T15:36:21","date_gmt":"2019-06-02T13:36:21","guid":{"rendered":"https:\/\/zjarr.tv\/?p=87294"},"modified":"2019-06-02T15:36:21","modified_gmt":"2019-06-02T13:36:21","slug":"kreu-i-nato-s-stoltenberg-mberrin-ne-tirane-takime-me-zyrtaret-e-larte-te-shtetit","status":"publish","type":"post","link":"https:\/\/zjarr.tv\/en\/kreu-i-nato-s-stoltenberg-mberrin-ne-tirane-takime-me-zyrtaret-e-larte-te-shtetit\/","title":{"rendered":"Kreu i NATO-s, Stoltenberg, mb\u00ebrrin n\u00eb Tiran\u00eb, takime me zyrtar\u00ebt e lart\u00eb t\u00eb shtetit"},"content":{"rendered":"<p>Sekretari i P\u00ebrgjithsh\u00ebm i NATO, Jens Stoltenberg ka mb\u00ebrritur n\u00eb aeroportin e Rinasit sot n\u00eb mesdit\u00eb. Ai \u00ebsht\u00eb pritur nga Ministrja e Mbrojtjes Olta Xha\u00e7ka dhe ka zhvilluar me t\u00eb nj\u00eb takim n\u00eb sall\u00ebn e pritjes s\u00eb aeroportit.<\/p>\n<p>Stoltenberg do t\u00eb q\u00ebndroj\u00eb vet\u00ebm disa or\u00eb n\u00eb Tiran\u00eb, pasi n\u00eb mbr\u00ebmje do t\u00eb niset p\u00ebr n\u00eb Maqedoni. Gjat\u00eb pasdites ai do t\u00eb takohet me kryeministrin Edi Rama, me t\u00eb cilin pritet t\u00eb mbaj\u00eb nj\u00eb konferenc\u00eb shtypi dhe m\u00eb pas, me Presidentin Ilir Meta.<\/p>\n<p>&nbsp;<\/p>","protected":false},"excerpt":{"rendered":"<p>Sekretari i P\u00ebrgjithsh\u00ebm i NATO, Jens Stoltenberg ka mb\u00ebrritur n\u00eb aeroportin e Rinasit sot n\u00eb mesdit\u00eb. Ai \u00ebsht\u00eb pritur nga Ministrja e Mbrojtjes Olta Xha\u00e7ka dhe ka zhvilluar me t\u00eb nj\u00eb takim n\u00eb sall\u00ebn e pritjes s\u00eb aeroportit. Stoltenberg do t\u00eb q\u00ebndroj\u00eb vet\u00ebm disa or\u00eb n\u00eb Tiran\u00eb, pasi n\u00eb mbr\u00ebmje do t\u00eb niset p\u00ebr n\u00eb [&hellip;]<\/p>\n","protected":false},"author":2013,"featured_media":68280,"comment_status":"open","ping_status":"closed","sticky":false,"template":"","format":"standard","meta":{"footnotes":""},"categories":[241,235],"tags":[],"class_list":{"0":"post-87294","1":"post","2":"type-post","3":"status-publish","4":"format-standard","5":"has-post-thumbnail","7":"category-aktualitet","8":"category-vendi"},"_links":{"self":[{"href":"https:\/\/zjarr.tv\/en\/wp-json\/wp\/v2\/posts\/87294","targetHints":{"allow":["GET"]}}],"collection":[{"href":"https:\/\/zjarr.tv\/en\/wp-json\/wp\/v2\/posts"}],"about":[{"href":"https:\/\/zjarr.tv\/en\/wp-json\/wp\/v2\/types\/post"}],"author":[{"embeddable":true,"href":"https:\/\/zjarr.tv\/en\/wp-json\/wp\/v2\/users\/2013"}],"replies":[{"embeddable":true,"href":"https:\/\/zjarr.tv\/en\/wp-json\/wp\/v2\/comments?post=87294"}],"version-history":[{"count":0,"href":"https:\/\/zjarr.tv\/en\/wp-json\/wp\/v2\/posts\/87294\/revisions"}],"wp:featuredmedia":[{"embeddable":true,"href":"https:\/\/zjarr.tv\/en\/wp-json\/wp\/v2\/media\/68280"}],"wp:attachment":[{"href":"https:\/\/zjarr.tv\/en\/wp-json\/wp\/v2\/media?parent=87294"}],"wp:term":[{"taxonomy":"category","embeddable":true,"href":"https:\/\/zjarr.tv\/en\/wp-json\/wp\/v2\/categories?post=87294"},{"taxonomy":"post_tag","embeddable":true,"href":"https:\/\/zjarr.tv\/en\/wp-json\/wp\/v2\/tags?post=87294"}],"curies":[{"name":"wp","href":"https:\/\/api.w.org\/{rel}","templated":true}]}}