{"id":87296,"date":"2019-06-02T15:39:00","date_gmt":"2019-06-02T13:39:00","guid":{"rendered":"https:\/\/zjarr.tv\/?p=87296"},"modified":"2019-06-02T15:39:00","modified_gmt":"2019-06-02T13:39:00","slug":"johannes-hahn-harron-shqiperine-maqedonia-i-ka-plotesuar-kushtet-per-negociata","status":"publish","type":"post","link":"https:\/\/zjarr.tv\/en\/johannes-hahn-harron-shqiperine-maqedonia-i-ka-plotesuar-kushtet-per-negociata\/","title":{"rendered":"Johannes Hahn harron Shqip\u00ebrin\u00eb\/ Maqedonia i ka plot\u00ebsuar kushtet p\u00ebr negociata"},"content":{"rendered":"<p>Komisioneri p\u00ebr zgjerimin Johannes Hahn n\u00eb nj\u00eb shenim ne rrjetet sociale ka p\u00ebrs\u00ebritur s\u00ebrish q\u00ebndrimin e tij p\u00ebr Maqedonin\u00eb e Veriut duke deklaruar se ky vend i ka plot\u00ebsuar kushtete p\u00ebr hapjen e negciatave me BE.<\/p>\n<p>Nd\u00ebrkoh\u00eb q\u00eb ka harruar krejt\u00ebsisht Ship\u00ebrin\u00eb.<\/p>\n<p>Ja mesazhi i plot\u00eb i tij<\/p>\n<p>Maqedonia e Veriut paraqiti t\u00eb gjitha kriteret e caktuara nga K\u00ebshilli n\u00eb qershor 2018. P\u00ebr m\u00eb t\u00ebp\u00ebr ajo arriti Marr\u00ebveshjen e Presp\u00ebs, duke zgjidhur nj\u00eb konflikt i cili vazhdonte prej dekadash me Greqin\u00eb.<\/p>\n<p>Tani deri n\u00eb fimosjen e EU-MS duhet te ofrohet\u00a0drita\u00a0jeshile p\u00ebr hapjen e negociatave pa vones\u00eb.<\/p>\n<p>&nbsp;<\/p>","protected":false},"excerpt":{"rendered":"<p>Komisioneri p\u00ebr zgjerimin Johannes Hahn n\u00eb nj\u00eb shenim ne rrjetet sociale ka p\u00ebrs\u00ebritur s\u00ebrish q\u00ebndrimin e tij p\u00ebr Maqedonin\u00eb e Veriut duke deklaruar se ky vend i ka plot\u00ebsuar kushtete p\u00ebr hapjen e negciatave me BE. Nd\u00ebrkoh\u00eb q\u00eb ka harruar krejt\u00ebsisht Ship\u00ebrin\u00eb. Ja mesazhi i plot\u00eb i tij Maqedonia e Veriut paraqiti t\u00eb gjitha kriteret [&hellip;]<\/p>\n","protected":false},"author":2013,"featured_media":62692,"comment_status":"open","ping_status":"closed","sticky":false,"template":"","format":"standard","meta":{"footnotes":""},"categories":[241,235],"tags":[],"class_list":{"0":"post-87296","1":"post","2":"type-post","3":"status-publish","4":"format-standard","5":"has-post-thumbnail","7":"category-aktualitet","8":"category-vendi"},"_links":{"self":[{"href":"https:\/\/zjarr.tv\/en\/wp-json\/wp\/v2\/posts\/87296","targetHints":{"allow":["GET"]}}],"collection":[{"href":"https:\/\/zjarr.tv\/en\/wp-json\/wp\/v2\/posts"}],"about":[{"href":"https:\/\/zjarr.tv\/en\/wp-json\/wp\/v2\/types\/post"}],"author":[{"embeddable":true,"href":"https:\/\/zjarr.tv\/en\/wp-json\/wp\/v2\/users\/2013"}],"replies":[{"embeddable":true,"href":"https:\/\/zjarr.tv\/en\/wp-json\/wp\/v2\/comments?post=87296"}],"version-history":[{"count":0,"href":"https:\/\/zjarr.tv\/en\/wp-json\/wp\/v2\/posts\/87296\/revisions"}],"wp:featuredmedia":[{"embeddable":true,"href":"https:\/\/zjarr.tv\/en\/wp-json\/wp\/v2\/media\/62692"}],"wp:attachment":[{"href":"https:\/\/zjarr.tv\/en\/wp-json\/wp\/v2\/media?parent=87296"}],"wp:term":[{"taxonomy":"category","embeddable":true,"href":"https:\/\/zjarr.tv\/en\/wp-json\/wp\/v2\/categories?post=87296"},{"taxonomy":"post_tag","embeddable":true,"href":"https:\/\/zjarr.tv\/en\/wp-json\/wp\/v2\/tags?post=87296"}],"curies":[{"name":"wp","href":"https:\/\/api.w.org\/{rel}","templated":true}]}}