{"id":87298,"date":"2019-06-02T15:42:42","date_gmt":"2019-06-02T13:42:42","guid":{"rendered":"https:\/\/zjarr.tv\/?p=87298"},"modified":"2019-06-02T15:42:42","modified_gmt":"2019-06-02T13:42:42","slug":"nenkryetarja-e-lsi-mehmetaj-koha-qe-rama-te-ike-sot-flasin-shqiptaret","status":"publish","type":"post","link":"https:\/\/zjarr.tv\/en\/nenkryetarja-e-lsi-mehmetaj-koha-qe-rama-te-ike-sot-flasin-shqiptaret\/","title":{"rendered":"N\u00ebnkryetarja e LSI, Mehmetaj: Koha q\u00eb Rama t\u00eb ik\u00eb, sot flasin shqiptar\u00ebt"},"content":{"rendered":"<p>N\u00eb nj\u00eb Intervist\u00eb p\u00ebr \u201cKoha Jon\u00eb\u201d, n\u00ebnkryetarja e LSI-s\u00eb, Kejdi Mehmetaj deklaroi se\u00a0&#8220;Do t\u00eb jen\u00eb vet qytetar\u00ebt ata q\u00eb nuk do t\u00eb lejojn\u00eb zhvillimin e zgjedhjeve moniste t\u00eb 30 qershorit.&#8221;.<\/p>\n<p>\u201dProtesta e sotme, do t\u00eb jet\u00eb padyshim me pjes\u00ebmarrje shum\u00eb t\u00eb larte dhe me mesazhin e qart\u00eb se Shqip\u00ebria nuk mund t\u00eb kthehet pas n\u00eb koh\u00eb p\u00ebr tu b\u00ebr\u00eb s\u00ebrish diktatur\u00eb moniste e se ne nuk do t\u00eb lejojm\u00eb m\u00eb q\u00eb nj\u00eb njeri i vet\u00ebm t\u00eb shkat\u00ebrroj\u00eb t\u00eb gjith\u00eb vendin\u201d, k\u00ebshtu ka deklaruar n\u00ebnkryetarja e LSI-s\u00eb, Kejdi Mehmetaj n\u00eb intervist\u00ebn p\u00ebr gazet\u00ebn \u201dKoha Jon\u00eb\u201d. M\u00eb tej ajo shprehet se protestat do t\u00eb vazhdojn\u00eb deri n\u00eb \u00e7lirimin e shtetit nga k\u00ebta pushtetar\u00eb t\u00eb pap\u00ebrgjegjsh\u00ebm q\u00eb e drejtojn\u00eb aktualisht. \u201dKur qindra mij\u00ebra qytetar\u00eb t\u00eb k\u00ebrkojn\u00eb largimin, ik! Rama duhet t\u00eb dor\u00ebzoj\u00eb karrigen e kryeministrit q\u00eb po e mban peng dhe k\u00ebshtu ti hapet rruga nj\u00eb qeverie trazitore e cila do t\u00eb marr\u00eb t\u00eb gjith\u00eb masat q\u00eb zgjedhjet e ardhshme lokale e parlamentare t\u00eb jen\u00eb t\u00eb lira e t\u00eb ndershme\u201d, shton m\u00eb tej Mehmetaj.<\/p>\n<p>Gjat\u00eb k\u00ebtyre dit\u00ebve, LSI ka zhvilluar takime t\u00eb shumta n\u00eb t\u00eb gjitha deg\u00ebt e saja n\u00eb Shqip\u00ebri. \u00cbsht\u00eb kjo nj\u00eb lloj fushate p\u00ebr t\u00eb prezantuar paket\u00ebn e LSI-s\u00eb p\u00ebr qeverisje. \u00c7far\u00eb po t\u00eb ndodh m\u00eb 2 qershor, protest\u00eb simbolike si her\u00ebn e shkuar? Si do t\u00eb veproj\u00eb LSI-ja m\u00eb 3 qershor, \u00e7adra p\u00ebrball\u00eb Kryeministris\u00eb apo dat\u00eb tjet\u00ebr p\u00ebr protest\u00eb?<\/p>\n<p>L\u00ebvizja Socialiste p\u00ebr Integrim \u00ebsht\u00eb parti q\u00eb karakterizohet nga af\u00ebrsia q\u00eb ka me votuesit dhe qytetar\u00ebt, p\u00ebr ne \u00ebsht\u00eb tejet e r\u00ebnd\u00ebsishme t\u00eb jemi n\u00eb takime t\u00eb vazhduara me ta, qoft\u00eb p\u00ebr t\u00eb kuptuar v\u00ebshtir\u00ebsit\u00eb me t\u00eb cilat haset \u00e7do grup interesi, por edhe p\u00ebr tu konsultuar mbi aksionet dhe vendimet politike q\u00eb ne marrim si parti.<\/p>\n<p>Turi i jav\u00ebve t\u00eb fundit ka patur si q\u00ebllim kryesor pik\u00ebrisht konsultimin, pasi situata ekonomike dhe politike n\u00ebp\u00ebr t\u00eb cil\u00ebn po kalon vendi \u00ebsht\u00eb tep\u00ebr e v\u00ebshtir\u00eb dhe s\u00eb dyti hartimin bashk\u00eb me qytetar\u00ebt t\u00eb nj\u00eb alternative t\u00eb re politikash q\u00eb forcon shtetin dhe e kthen at\u00eb n\u00eb sh\u00ebrbim t\u00eb qytetar\u00ebve dhe jo mbajtjen peng nga nj\u00eb dor\u00eb e vetme apo nga nj\u00eb klik\u00eb q\u00eb \u00ebsht\u00eb pasuruar n\u00eb kurriz t\u00eb varf\u00ebris\u00eb s\u00eb familjeve shqiptare.<\/p>\n<p>N\u00eb takimet t\u00eb cilave ju u referoheni qytetar\u00ebt na kan\u00eb k\u00ebrkuar t\u00eb mos ndalemi n\u00eb rrug\u00ebn q\u00eb kemi nisur, t\u00eb vazhdojm\u00eb protestat deri n\u00eb \u00e7lirimin e shtetit nga k\u00ebta pushtetar\u00eb t\u00eb pap\u00ebrgjegjsh\u00ebm q\u00eb e drejtojn\u00eb aktualisht.<\/p>\n<p>Protesta e sotme do t\u00eb jet\u00eb padyshim me pjes\u00ebmarrje shum\u00eb t\u00eb lart\u00eb dhe me mesazhin e qart\u00eb se Shqip\u00ebria nuk mund t\u00eb kthehet pas n\u00eb koh\u00eb p\u00ebr tu b\u00ebr\u00eb s\u00ebrish diktatur\u00eb moniste e se ne nuk do t\u00eb lejojm\u00eb m\u00eb q\u00eb nj\u00eb njeri i vet\u00ebm t\u00eb shkat\u00ebrroj\u00eb t\u00eb gjith\u00eb vendin. Vendimin p\u00ebr \u00e7do lloj forme t\u00eb p\u00ebrshkall\u00ebzimit t\u00eb situat\u00ebs do e marrin n\u00eb \u00e7do rast qytetar\u00ebt.<\/p>\n<p>E cil\u00ebsuar si \u201cbomba\u201d gjermane ku dy partit\u00eb kryesore qeveris\u00ebse jan\u00eb shprehur kund\u00ebr hapjes s\u00eb negociatave, por edhe vende si Franca dhe Holanda nuk duan nj\u00eb zgjerim, \u00e7far\u00eb do t\u00eb thot\u00eb n\u00ebse n\u00eb qershor nuk do t\u00eb jepet drita jeshile p\u00ebr negociatat?<\/p>\n<p>Si nj\u00eb e re q\u00eb jet\u00ebn kam vendosur ta nd\u00ebrtoj n\u00eb Shqip\u00ebri ndihem thell\u00ebsisht e zhg\u00ebnjyer q\u00eb, q\u00eb nga dita q\u00eb un\u00eb kam lindur e deri m\u00eb sot, thirrjet dhe k\u00ebrkesat tona mbeten t\u00eb nj\u00ebjta pa b\u00ebr\u00eb asnj\u00eb hap p\u00ebrpara: Ta b\u00ebjm\u00eb Shqip\u00ebrin\u00eb si gjith\u00eb Europa. Lajmet e fundit q\u00eb kan\u00eb ardhur nga Hollanda, e cila zyrtarisht i ka k\u00ebrkuar komisionit Evropian t\u00eb shqyrtoj\u00eb k\u00ebrkes\u00ebn p\u00ebr rikthimin e regjimit t\u00eb vizave me Shqip\u00ebrin\u00eb dhe nga vende t\u00eb tjera si Gjermania, Brukseli e Franca t\u00eb cilat nuk e mb\u00ebshtesin hapjen e negociatave, jan\u00eb p\u00ebrplasja q\u00eb na b\u00ebhet si qytetar\u00eb me realitetin e hidhur t\u00eb cilin qeveria kishte b\u00ebr\u00eb \u00e7do p\u00ebrpjekje t\u00eb na e shiste t\u00eb g\u00ebnjesht\u00ebrt.<\/p>\n<p>Sipas qeveris\u00eb negociatat ishin hapur q\u00eb vitin e kaluar dhe me propagand\u00ebn e tyre t\u00eb paguar tentuan t\u00eb fshihnin t\u00eb v\u00ebrtet\u00ebn. Mos hapja e negociatave tregon se problemet n\u00ebp\u00ebr t\u00eb cilat po kalon vendi jan\u00eb t\u00eb r\u00ebnda dhe se qeveria vet\u00ebm e ka p\u00ebrkeq\u00ebsuar situat\u00ebn nga viti n\u00eb vit.<\/p>\n<p>Raportet flasin p\u00ebr krimin e organizuar, korrupsionin galopant, emigrimin masiv, varf\u00ebrin\u00eb ekstreme, shkat\u00ebrrimin e shtetit t\u00eb s\u00eb drejt\u00ebs e k\u00ebshtu me radh\u00eb. Mos hapja e negociatave do t\u00eb thot\u00eb se vendi ka nevoj\u00eb urgjente t\u00eb ndryshoj\u00eb drejtim, ti kthehet normalitet, duke forcuar institucionet q\u00eb u sh\u00ebrbejn\u00eb qytetar\u00ebve e duke zhvilluar ekonomin\u00eb, e k\u00ebt\u00eb nuk mund ta b\u00ebjm\u00eb m\u00eb ata q\u00eb duhet t\u00eb p\u00ebrgjigjen p\u00ebrpara drejt\u00ebsis\u00eb p\u00ebr d\u00ebmet q\u00eb kan\u00eb shkaktuar.<\/p>\n<p>Qeveria ju ka akuzuar si pengues dhe prish\u00ebs imazhi, por a ka ndikim politika e opozit\u00ebs n\u00eb k\u00ebt\u00eb situat\u00eb t\u00eb Shqip\u00ebris\u00eb, apo qeveria ka probleme serioze me korrupsionin, krimin elektoral etj element\u00eb t\u00eb p\u00ebrmendur edhe n\u00eb raportin e KE-s\u00eb?<\/p>\n<p>Un\u00eb e p\u00ebrmenda edhe pak m\u00eb sip\u00ebr, propagand\u00ebs \u201dfake\u201d i erdhi fundi edhe p\u00ebr Ram\u00ebn. Ai njihet p\u00ebr vetit\u00eb e tij arg\u00ebtuese prej sho\u00eb man-i, por me sa duket edhe me k\u00ebt\u00eb rol i doli boja dhe p\u00ebr qytetar\u00ebt \u00ebsht\u00eb kthyer n\u00eb nj\u00eb personazh p\u00ebr t\u00eb ardhur keq. Askush nuk i beson m\u00eb g\u00ebnjeshtrat q\u00eb thot\u00eb pa pushim. E vetmja e v\u00ebrtet\u00eb lidhur me hapjen e negociatave dhe imazhin e Shqip\u00ebris\u00eb, lidhet me pun\u00ebn q\u00eb do t\u00eb duhej t\u00eb kishte b\u00ebr\u00eb qeveria.<\/p>\n<p>Nj\u00eb qeveri me disa ish-ministra, kryetar bashkish dhe vet kryeministrin t\u00eb akuzuar p\u00ebr bashk\u00ebpunim me krimin e organizuar, p\u00ebr p\u00ebrfshirjen n\u00eb skema t\u00eb r\u00ebnda korruptive q\u00eb i kan\u00eb shkaktuar buxhetit gropa disa miliarda euroshe (para t\u00eb cilat do t\u00eb duhej t\u00eb investoheshin n\u00eb arsim, sh\u00ebndet\u00ebsi apo bujq\u00ebsi etj), p\u00ebr favorizimin e nj\u00eb grupi t\u00eb vog\u00ebl oligark\u00ebsh q\u00eb mund t\u00eb num\u00ebrohen me gishtat e duarve duke l\u00ebn\u00eb n\u00eb varf\u00ebri qindra e mij\u00ebra biznese q\u00eb ushqejn\u00eb familjet me pun\u00eb t\u00eb ndershme, apo p\u00ebr shkat\u00ebrrimin e \u00e7do institucioni shtet\u00ebror, nuk mund t\u00eb jet\u00eb qeveri q\u00eb vendet e bashkimit europian do ta konsideronin partnere, apo tu falte investitor\u00ebve t\u00eb huaj siguri p\u00ebr investime.<\/p>\n<p>Sa p\u00ebrmenda m\u00eb sip\u00ebr edhe shum\u00eb t\u00eb tjera q\u00eb lidhen me shkat\u00ebrrimin e artit dhe kultur\u00ebs, apo nxitjen e varf\u00ebris\u00eb ekstreme duke nxjerr\u00eb qytetar\u00ebt nga skema e ndihm\u00ebs ekonomike apo edhe duke shkat\u00ebrruar me dashje arsimin, jan\u00eb arsyet e v\u00ebrteta pse Shqip\u00ebria nuk ja ka dal\u00eb mban\u00eb t\u00eb ket\u00eb nj\u00eb imazh pozitiv dhe t\u00eb mbaj\u00eb shqiptar\u00ebt n\u00eb sht\u00ebpit\u00eb e tyre.<\/p>\n<p>Si do t\u00eb zgjidhet kriza? Rama dor\u00ebhiqet, krijohet qeveri kujdestare, Rama shkon n\u00eb zgjedhje, PD dhe LSI jo, apo vendi shkon n\u00eb konflikt? Apo Presidenti shtyn dat\u00ebn e zgjedhjeve p\u00ebr n\u00eb vjesht\u00eb ose marr\u00ebveshje opozit\u00eb-PS? Cili skenar \u00ebsht\u00eb m\u00eb pran\u00eb q\u00ebndrimit t\u00eb LSI-s\u00eb?<\/p>\n<p>L\u00ebvizja Socialiste p\u00ebr Integrim ka qen\u00eb shum\u00eb e qart\u00eb n\u00eb q\u00ebndrimet e saj sa i takon evitimit t\u00eb p\u00ebrdorimit t\u00eb dhun\u00ebs apo p\u00ebrplasjes civile. P\u00ebr sa koh\u00eb dhjet\u00ebra mij\u00ebra qytetar\u00eb protestojn\u00eb \u00e7do jav\u00eb e qindra mij\u00ebra t\u00eb tjer\u00eb e mb\u00ebshtesin protest\u00ebn, \u00ebsht\u00eb e panevojshme t\u00eb tregosh muskujt.<\/p>\n<p>Nga ana tjet\u00ebr, sa m\u00eb shum\u00eb kalojn\u00eb dit\u00ebt, akoma edhe m\u00eb e v\u00ebshtir\u00eb b\u00ebhet t\u00eb p\u00ebrmbash revolt\u00ebn e qytetar\u00ebve, t\u00eb cil\u00ebt nuk protestojn\u00eb p\u00ebr parti, as p\u00ebr kryeministrin e radh\u00ebs por protestojn\u00eb se nuk kan\u00eb \u00e7far\u00eb tu japin p\u00ebr t\u00eb ngr\u00ebn\u00eb f\u00ebmij\u00ebve n\u00eb dark\u00eb, protestojn\u00eb se u jan\u00eb larguar f\u00ebmij\u00ebt, protestojn\u00eb se nuk marrin sh\u00ebrbim n\u00eb spitale, se tokat u p\u00ebrmbyten dhe produktet bujq\u00ebsore u shiten ekstremisht lir\u00eb dhe shteti nuk b\u00ebn asgj\u00eb p\u00ebr ti ndihmuar.<\/p>\n<p>Protestojn\u00eb se qytetar\u00eb t\u00eb thjesht\u00eb p\u00ebrfundojn\u00eb burgjeve p\u00ebr faturat e dritave dhe t\u00eb ujit, ose pse rregulloj\u00eb pa leje gardhin e sht\u00ebpis\u00eb, nd\u00ebrkoh\u00eb q\u00eb kriminel\u00ebt e v\u00ebrtet\u00eb jan\u00eb miq t\u00eb ngusht\u00eb t\u00eb kryeministrit dhe vasal\u00ebve t\u00eb tij. Protestojn\u00eb p\u00ebr sht\u00ebpit\u00eb q\u00eb u shembin pa d\u00ebmshp\u00ebrblime dhe p\u00ebr pron\u00ebn shtet\u00ebrore q\u00eb nga hici privatizohet e nd\u00ebrtohet p\u00ebr p\u00ebrfitime t\u00eb oligark\u00ebve.<\/p>\n<p>T\u00eb gjith\u00eb k\u00ebto arsye nxisin reagime t\u00eb ashpra dhe arroganca e Ram\u00ebs, provokimet e dhuna q\u00eb ushtron n\u00ebp\u00ebrmjet policis\u00eb s\u00eb shtetit gjat\u00eb protestave s\u2019b\u00ebn gj\u00eb tjet\u00ebr vet\u00ebm se i hedh benzin\u00eb turm\u00ebs s\u00eb revoltuar.\u00a0Zgjidhja \u00ebsht\u00eb e thjesht\u00eb: Kur qindra mij\u00ebra qytetar\u00eb t\u00eb k\u00ebrkojn\u00eb largimin, ik! Rama duhet t\u00eb dor\u00ebzoj\u00eb karrigen e kryeministrit q\u00eb po e mban peng dhe k\u00ebshtu ti hapet rruga nj\u00eb qeverie trazitore e cila do t\u00eb marr\u00eb t\u00eb gjith\u00eb masat q\u00eb zgjedhjet e ardhshme lokale e parlamentare t\u00eb jen\u00eb t\u00eb lira e t\u00eb ndershme.<\/p>\n<p>Si do e vendosni ju mosmbajtjen e zgjedhjeve n\u00eb 30 qershor, p\u00ebrmes nj\u00eb konflikti civil? Keni nj\u00eb p\u00ebrgjigje p\u00ebr elektoratin e PS-s\u00eb e cila \u00ebsht\u00eb n\u00eb t\u00eb drejt\u00ebn kushtetuese p\u00ebr t\u00eb votuar m\u00eb 30 qershor?<\/p>\n<p>Kushtetuta e Shqip\u00ebris\u00eb flet p\u00ebr zgjedhje demokratike, zgjedhje q\u00eb sigurojn\u00eb mund\u00ebsi t\u00eb barabarta p\u00ebr t\u00eb gjith\u00eb qytetar\u00ebt p\u00ebr t\u00eb zgjedhur e p\u00ebr tu zgjedhur. P\u00ebrfshirja e bandave n\u00eb zgjedhje, shitblerja e vot\u00ebs dhe p\u00ebrdorimi i presionit shtet\u00ebror n\u00eb k\u00ebmbim t\u00eb vot\u00ebs jan\u00eb ato q\u00eb cenojn\u00eb realisht kushtetut\u00ebn dhe zgjedhjet demokratike duke e b\u00ebr\u00eb t\u00eb pamundur pjes\u00ebmarrjen e barabart\u00eb t\u00eb qytetar\u00ebve n\u00eb proceset zgjedhore.<\/p>\n<p>Zgjedhjet me rezultat t\u00eb ditur paraprakisht, nuk jan\u00eb m\u00eb zgjedhje por detyrim dhe diktatur\u00eb. Nga biseda t\u00eb shumta q\u00eb kam patur me koleg\u00eb t\u00eb kampit socialist e mbi t\u00eb gjitha me votues t\u00eb partis\u00eb socialist\u00eb, ju them me bindje q\u00eb ata jan\u00eb pjesa m\u00eb e zhg\u00ebnjyer dhe m\u00eb e dhunuar nga Rama dhe qeverisja e tij.<\/p>\n<p>Asnj\u00eb qytetar i nd\u00ebrgjegjsh\u00ebm nuk do ti jap\u00eb m\u00eb krah\u00eb k\u00ebtij kryeministri t\u00eb d\u00ebshtuar. Un\u00eb gjykoj q\u00eb reagimi qytetar do i jap\u00eb zgjidhjen e duhur situat\u00ebs. Do t\u00eb jen\u00eb vet qytetar\u00ebt ata q\u00eb nuk do t\u00eb lejojn\u00eb zhvillimin e zgjedhjeve moniste t\u00eb 30 qershorit.<\/p>\n<p>&nbsp;<\/p>","protected":false},"excerpt":{"rendered":"<p>N\u00eb nj\u00eb Intervist\u00eb p\u00ebr \u201cKoha Jon\u00eb\u201d, n\u00ebnkryetarja e LSI-s\u00eb, Kejdi Mehmetaj deklaroi se\u00a0&#8220;Do t\u00eb jen\u00eb vet qytetar\u00ebt ata q\u00eb nuk do t\u00eb lejojn\u00eb zhvillimin e zgjedhjeve moniste t\u00eb 30 qershorit.&#8221;. \u201dProtesta e sotme, do t\u00eb jet\u00eb padyshim me pjes\u00ebmarrje shum\u00eb t\u00eb larte dhe me mesazhin e qart\u00eb se Shqip\u00ebria nuk mund t\u00eb kthehet pas n\u00eb [&hellip;]<\/p>\n","protected":false},"author":2013,"featured_media":67680,"comment_status":"open","ping_status":"closed","sticky":false,"template":"","format":"standard","meta":{"footnotes":""},"categories":[241,235],"tags":[],"class_list":{"0":"post-87298","1":"post","2":"type-post","3":"status-publish","4":"format-standard","5":"has-post-thumbnail","7":"category-aktualitet","8":"category-vendi"},"_links":{"self":[{"href":"https:\/\/zjarr.tv\/en\/wp-json\/wp\/v2\/posts\/87298","targetHints":{"allow":["GET"]}}],"collection":[{"href":"https:\/\/zjarr.tv\/en\/wp-json\/wp\/v2\/posts"}],"about":[{"href":"https:\/\/zjarr.tv\/en\/wp-json\/wp\/v2\/types\/post"}],"author":[{"embeddable":true,"href":"https:\/\/zjarr.tv\/en\/wp-json\/wp\/v2\/users\/2013"}],"replies":[{"embeddable":true,"href":"https:\/\/zjarr.tv\/en\/wp-json\/wp\/v2\/comments?post=87298"}],"version-history":[{"count":0,"href":"https:\/\/zjarr.tv\/en\/wp-json\/wp\/v2\/posts\/87298\/revisions"}],"wp:featuredmedia":[{"embeddable":true,"href":"https:\/\/zjarr.tv\/en\/wp-json\/wp\/v2\/media\/67680"}],"wp:attachment":[{"href":"https:\/\/zjarr.tv\/en\/wp-json\/wp\/v2\/media?parent=87298"}],"wp:term":[{"taxonomy":"category","embeddable":true,"href":"https:\/\/zjarr.tv\/en\/wp-json\/wp\/v2\/categories?post=87298"},{"taxonomy":"post_tag","embeddable":true,"href":"https:\/\/zjarr.tv\/en\/wp-json\/wp\/v2\/tags?post=87298"}],"curies":[{"name":"wp","href":"https:\/\/api.w.org\/{rel}","templated":true}]}}