{"id":87300,"date":"2019-06-02T15:43:54","date_gmt":"2019-06-02T13:43:54","guid":{"rendered":"https:\/\/zjarr.tv\/?p=87300"},"modified":"2019-06-02T15:43:54","modified_gmt":"2019-06-02T13:43:54","slug":"pak-ore-nga-fillimi-i-protestes-vokshi-asnje-hap-pas-per-femijet-e-ketij-vendi","status":"publish","type":"post","link":"https:\/\/zjarr.tv\/en\/pak-ore-nga-fillimi-i-protestes-vokshi-asnje-hap-pas-per-femijet-e-ketij-vendi\/","title":{"rendered":"Pak or\u00eb nga fillimi i protest\u00ebs, Vokshi: Asnj\u00eb hap pas, p\u00ebr f\u00ebmij\u00ebt e k\u00ebtij vendi!"},"content":{"rendered":"<p>Ish-deputetja e Partis\u00eb Demokratike, Albana Vokshi fton qytetar\u00ebt n\u00eb protest\u00ebn e organizuar sot nga opozita e bashkuar. P\u00ebrmes nj\u00eb postimi n\u00eb \u201cFacebook\u201d, Vokshi shkruan se qytetar\u00ebt duhet t\u2019i bashkohen protest\u00ebs p\u00ebr hir t\u00eb f\u00ebmij\u00ebve.<\/p>\n<p>\u201cSot, n\u00eb protest\u00eb, p\u00ebr #f\u00ebmij\u00ebt tan\u00eb, ora 19.00 para #Kryeministris\u00eb. Asnj\u00eb hap pas, n\u00eb betej\u00ebn ton\u00eb p\u00ebr ta \u00e7liruar vendin nga vargonjt\u00eb e krimit, trafikut, korrupsionit. Asnj\u00eb hap pas, p\u00ebr nj\u00eb vend ku politika t\u00eb ket\u00eb n\u00eb qend\u00ebr kujdesin p\u00ebr f\u00ebmij\u00ebt; ku t\u00eb drejtat ligjore e kushtetuese t\u00eb tyre t\u00eb respektohen e t\u00eb mos c\u00ebnohen nga askush. P\u00ebr nj\u00eb #Shqip\u00ebri plot shpres\u00eb p\u00ebr t\u00eb ardhmen e #f\u00ebmij\u00ebve tan\u00eb.<br \/>\n#P\u00ebrNj\u00ebShqip\u00ebriSiGjith\u00ebEuropa #ParaKryeministris\u00eb<br \/>\n#Ora19.00 #P\u00ebrShqip\u00ebrin\u00ebSiGjith\u00ebEuropa\u201d-shkruan Vokshi.<\/p>\n<p>&nbsp;<\/p>","protected":false},"excerpt":{"rendered":"<p>Ish-deputetja e Partis\u00eb Demokratike, Albana Vokshi fton qytetar\u00ebt n\u00eb protest\u00ebn e organizuar sot nga opozita e bashkuar. P\u00ebrmes nj\u00eb postimi n\u00eb \u201cFacebook\u201d, Vokshi shkruan se qytetar\u00ebt duhet t\u2019i bashkohen protest\u00ebs p\u00ebr hir t\u00eb f\u00ebmij\u00ebve. \u201cSot, n\u00eb protest\u00eb, p\u00ebr #f\u00ebmij\u00ebt tan\u00eb, ora 19.00 para #Kryeministris\u00eb. Asnj\u00eb hap pas, n\u00eb betej\u00ebn ton\u00eb p\u00ebr ta \u00e7liruar vendin nga [&hellip;]<\/p>\n","protected":false},"author":2013,"featured_media":0,"comment_status":"open","ping_status":"closed","sticky":false,"template":"","format":"standard","meta":{"footnotes":""},"categories":[241,235],"tags":[],"class_list":{"0":"post-87300","1":"post","2":"type-post","3":"status-publish","4":"format-standard","6":"category-aktualitet","7":"category-vendi"},"_links":{"self":[{"href":"https:\/\/zjarr.tv\/en\/wp-json\/wp\/v2\/posts\/87300","targetHints":{"allow":["GET"]}}],"collection":[{"href":"https:\/\/zjarr.tv\/en\/wp-json\/wp\/v2\/posts"}],"about":[{"href":"https:\/\/zjarr.tv\/en\/wp-json\/wp\/v2\/types\/post"}],"author":[{"embeddable":true,"href":"https:\/\/zjarr.tv\/en\/wp-json\/wp\/v2\/users\/2013"}],"replies":[{"embeddable":true,"href":"https:\/\/zjarr.tv\/en\/wp-json\/wp\/v2\/comments?post=87300"}],"version-history":[{"count":0,"href":"https:\/\/zjarr.tv\/en\/wp-json\/wp\/v2\/posts\/87300\/revisions"}],"wp:attachment":[{"href":"https:\/\/zjarr.tv\/en\/wp-json\/wp\/v2\/media?parent=87300"}],"wp:term":[{"taxonomy":"category","embeddable":true,"href":"https:\/\/zjarr.tv\/en\/wp-json\/wp\/v2\/categories?post=87300"},{"taxonomy":"post_tag","embeddable":true,"href":"https:\/\/zjarr.tv\/en\/wp-json\/wp\/v2\/tags?post=87300"}],"curies":[{"name":"wp","href":"https:\/\/api.w.org\/{rel}","templated":true}]}}