{"id":87302,"date":"2019-06-02T16:34:48","date_gmt":"2019-06-02T14:34:48","guid":{"rendered":"https:\/\/zjarr.tv\/?p=87302"},"modified":"2019-06-02T16:34:48","modified_gmt":"2019-06-02T14:34:48","slug":"fuqia-e-bashkimit-sot-ora-1900-spahia-jemi-shumica-asnje-hap-pas","status":"publish","type":"post","link":"https:\/\/zjarr.tv\/en\/fuqia-e-bashkimit-sot-ora-1900-spahia-jemi-shumica-asnje-hap-pas\/","title":{"rendered":"&#8216;Fuqia e bashkimit sot ora 19:00&#8217;\/ Spahia: Jemi shumica, asnj\u00eb hap pas!"},"content":{"rendered":"<p>Kur jemi pak or\u00eb nga starti zyrtar i protest\u00ebs s\u00eb shtat\u00eb mbar\u00ebkomb\u00ebtare t\u00eb opozit\u00ebs s\u00eb bashkuar, ish-deputeti i PD-s\u00eb, Bardh Spahia b\u00ebn nj\u00eb tjet\u00ebr apel te qytetar\u00ebt p\u00ebr pjes\u00ebmarrje masive.<\/p>\n<p>Teksa r\u00ebndit arsyet pse shqiptar\u00ebt sot, n\u00eb ora 19:00, duhet t\u00eb jen\u00eb para kryeministris\u00eb, ish deputeti i Shkodr\u00ebs shprehet se, opozita \u00ebsht\u00eb shumica ndaj dhe nuk do t\u00eb ket\u00eb asnj\u00eb hap pas n\u00eb aksionin e saj politik.<\/p>\n<p><strong>Postimi i plot\u00eb i Bardh Spahis\u00eb:<\/strong><\/p>\n<p>FUQIA E BASHKIMIT SOT ORA 19.00<br \/>\nKund\u00ebr kryeministrit me vota t\u00eb blera!<br \/>\nKund\u00ebr kryeministrit q\u00eb grabit pasurit\u00eb e taksat e vendit!<br \/>\nKund\u00ebr kryeministrit q\u00eb burgun e ka p\u00ebr qytetar\u00ebt q\u00eb I ngrihen kund\u00ebr e ata q\u00eb s\u2019mund t\u00eb paguajn\u00eb, jo kriminel\u00ebt!<br \/>\nKund\u00ebr kryeministrit q\u00eb ofron si alternativ\u00eb emigracionin!<br \/>\nKund\u00ebr kryeministrit q\u00eb qeveris me krimin e oligark\u00ebt!<br \/>\nKund\u00ebr kryeministrit q\u00eb e ktheu vendin n\u00eb tranzit e furnizues droge p\u00ebr Europ\u00ebn e bot\u00ebn!<br \/>\nKund\u00ebr kryeministrit q\u00eb na bllokon rrug\u00ebn drejt Europ\u00ebs!<br \/>\nB\u00ebhemi bashk\u00eb sot n\u00eb or\u00ebn 19.00 para kryeministris\u00eb!\u00a0#Asnj\u00ebHapPas#NeJemiShumica#RamaShporru!<\/p>\n<p>&nbsp;<\/p>","protected":false},"excerpt":{"rendered":"<p>Kur jemi pak or\u00eb nga starti zyrtar i protest\u00ebs s\u00eb shtat\u00eb mbar\u00ebkomb\u00ebtare t\u00eb opozit\u00ebs s\u00eb bashkuar, ish-deputeti i PD-s\u00eb, Bardh Spahia b\u00ebn nj\u00eb tjet\u00ebr apel te qytetar\u00ebt p\u00ebr pjes\u00ebmarrje masive. Teksa r\u00ebndit arsyet pse shqiptar\u00ebt sot, n\u00eb ora 19:00, duhet t\u00eb jen\u00eb para kryeministris\u00eb, ish deputeti i Shkodr\u00ebs shprehet se, opozita \u00ebsht\u00eb shumica ndaj dhe [&hellip;]<\/p>\n","protected":false},"author":2013,"featured_media":50594,"comment_status":"open","ping_status":"closed","sticky":false,"template":"","format":"standard","meta":{"footnotes":""},"categories":[241,235],"tags":[],"class_list":{"0":"post-87302","1":"post","2":"type-post","3":"status-publish","4":"format-standard","5":"has-post-thumbnail","7":"category-aktualitet","8":"category-vendi"},"_links":{"self":[{"href":"https:\/\/zjarr.tv\/en\/wp-json\/wp\/v2\/posts\/87302","targetHints":{"allow":["GET"]}}],"collection":[{"href":"https:\/\/zjarr.tv\/en\/wp-json\/wp\/v2\/posts"}],"about":[{"href":"https:\/\/zjarr.tv\/en\/wp-json\/wp\/v2\/types\/post"}],"author":[{"embeddable":true,"href":"https:\/\/zjarr.tv\/en\/wp-json\/wp\/v2\/users\/2013"}],"replies":[{"embeddable":true,"href":"https:\/\/zjarr.tv\/en\/wp-json\/wp\/v2\/comments?post=87302"}],"version-history":[{"count":0,"href":"https:\/\/zjarr.tv\/en\/wp-json\/wp\/v2\/posts\/87302\/revisions"}],"wp:featuredmedia":[{"embeddable":true,"href":"https:\/\/zjarr.tv\/en\/wp-json\/wp\/v2\/media\/50594"}],"wp:attachment":[{"href":"https:\/\/zjarr.tv\/en\/wp-json\/wp\/v2\/media?parent=87302"}],"wp:term":[{"taxonomy":"category","embeddable":true,"href":"https:\/\/zjarr.tv\/en\/wp-json\/wp\/v2\/categories?post=87302"},{"taxonomy":"post_tag","embeddable":true,"href":"https:\/\/zjarr.tv\/en\/wp-json\/wp\/v2\/tags?post=87302"}],"curies":[{"name":"wp","href":"https:\/\/api.w.org\/{rel}","templated":true}]}}