{"id":87309,"date":"2019-06-02T16:45:32","date_gmt":"2019-06-02T14:45:32","guid":{"rendered":"https:\/\/zjarr.tv\/?p=87309"},"modified":"2019-06-02T16:45:32","modified_gmt":"2019-06-02T14:45:32","slug":"video-konferenca-e-stoltenberg-gazetare-lepires-deri-ne-neveri","status":"publish","type":"post","link":"https:\/\/zjarr.tv\/en\/video-konferenca-e-stoltenberg-gazetare-lepires-deri-ne-neveri\/","title":{"rendered":"VIDEO. Konferenca e Stoltenberg\/ Gazetar\u00eb l\u00ebpir\u00ebs deri n\u00eb neveri!"},"content":{"rendered":"<p>Sekretari i P\u00ebrgjithsh\u00ebm i NATO-s\u00eb Jens Stoltenberg dhe kryeministri Edi Rama kan\u00eb folur n\u00eb nj\u00eb konference p\u00ebr mediat ku i vetmi lajm ishte servilosja deri n\u00eb neveri e gazetarit t\u00eb Top Channel.<\/p>\n<p>N\u00eb nj\u00eb pyetje q\u00eb dukej sikur ishte hartuar n\u00eb zyr\u00ebn e kryeministrit p\u00ebr mund\u00ebsin\u00eb e influenc\u00ebs ruse n\u00eb rajon, duke iu referuar protestave t\u00eb shumta n\u00eb Beograd, Shqip\u00ebri e \u00a0Mal t\u00eb Zi<\/p>\n<p>Kreu i NATO-s tha se Rusia ka b\u00ebr\u00eb p\u00ebrpjekje gjithmon\u00eb p\u00ebr t\u2019u p\u00ebrfshir\u00eb n\u00eb proceset e ndryshme n\u00eb BE e NATO duke l\u00ebn\u00eb kryeministrin Rama t\u00eb flas\u00eb p\u00ebr Shqip\u00ebrin\u00eb. P\u00ebrsa i p\u00ebrket investimeve Stoltenberg u p\u00ebrgjigj se NATO nuk merret me politik\u00eb.<\/p>\n<p>&nbsp;<\/p>\n<p>K\u00ebto pyetje vinin nga gazetar\u00ebt e mediave pran\u00eb kryeministrit, duke sulmuar opozit\u00ebn n\u00eb vend dhe duke i etiketuar protestuesit si t\u00eb paguar nga Rusia.<\/p>\n<p>Nj\u00eb fakt m\u00eb shum\u00eb q\u00eb tregon kapjen e mediave nga qeveria.<\/p>\n<div class=\"youtube-embed\" data-video_id=\"soWisEaOkuA\"><iframe loading=\"lazy\" title=\"KONFERENCA E STOLTENBERG: GAZETARET LEPIHEN DERI NE NEVERI\" width=\"696\" height=\"392\" src=\"https:\/\/www.youtube.com\/embed\/soWisEaOkuA?feature=oembed&#038;enablejsapi=1\" frameborder=\"0\" allow=\"accelerometer; autoplay; clipboard-write; encrypted-media; gyroscope; picture-in-picture\" allowfullscreen><\/iframe><\/div>","protected":false},"excerpt":{"rendered":"<p>Sekretari i P\u00ebrgjithsh\u00ebm i NATO-s\u00eb Jens Stoltenberg dhe kryeministri Edi Rama kan\u00eb folur n\u00eb nj\u00eb konference p\u00ebr mediat ku i vetmi lajm ishte servilosja deri n\u00eb neveri e gazetarit t\u00eb Top Channel. N\u00eb nj\u00eb pyetje q\u00eb dukej sikur ishte hartuar n\u00eb zyr\u00ebn e kryeministrit p\u00ebr mund\u00ebsin\u00eb e influenc\u00ebs ruse n\u00eb rajon, duke iu referuar protestave [&hellip;]<\/p>\n","protected":false},"author":2013,"featured_media":87310,"comment_status":"open","ping_status":"closed","sticky":false,"template":"","format":"standard","meta":{"footnotes":""},"categories":[241,235],"tags":[],"class_list":{"0":"post-87309","1":"post","2":"type-post","3":"status-publish","4":"format-standard","5":"has-post-thumbnail","7":"category-aktualitet","8":"category-vendi"},"_links":{"self":[{"href":"https:\/\/zjarr.tv\/en\/wp-json\/wp\/v2\/posts\/87309","targetHints":{"allow":["GET"]}}],"collection":[{"href":"https:\/\/zjarr.tv\/en\/wp-json\/wp\/v2\/posts"}],"about":[{"href":"https:\/\/zjarr.tv\/en\/wp-json\/wp\/v2\/types\/post"}],"author":[{"embeddable":true,"href":"https:\/\/zjarr.tv\/en\/wp-json\/wp\/v2\/users\/2013"}],"replies":[{"embeddable":true,"href":"https:\/\/zjarr.tv\/en\/wp-json\/wp\/v2\/comments?post=87309"}],"version-history":[{"count":0,"href":"https:\/\/zjarr.tv\/en\/wp-json\/wp\/v2\/posts\/87309\/revisions"}],"wp:featuredmedia":[{"embeddable":true,"href":"https:\/\/zjarr.tv\/en\/wp-json\/wp\/v2\/media\/87310"}],"wp:attachment":[{"href":"https:\/\/zjarr.tv\/en\/wp-json\/wp\/v2\/media?parent=87309"}],"wp:term":[{"taxonomy":"category","embeddable":true,"href":"https:\/\/zjarr.tv\/en\/wp-json\/wp\/v2\/categories?post=87309"},{"taxonomy":"post_tag","embeddable":true,"href":"https:\/\/zjarr.tv\/en\/wp-json\/wp\/v2\/tags?post=87309"}],"curies":[{"name":"wp","href":"https:\/\/api.w.org\/{rel}","templated":true}]}}