{"id":87313,"date":"2019-06-02T16:46:15","date_gmt":"2019-06-02T14:46:15","guid":{"rendered":"https:\/\/zjarr.tv\/?p=87313"},"modified":"2019-06-02T16:46:15","modified_gmt":"2019-06-02T14:46:15","slug":"protesta-para-kryeministrise-basha-i-vendosur-asnje-hap-pas-ne-clirimin-e-vendit-nga-e-keqja","status":"publish","type":"post","link":"https:\/\/zjarr.tv\/en\/protesta-para-kryeministrise-basha-i-vendosur-asnje-hap-pas-ne-clirimin-e-vendit-nga-e-keqja\/","title":{"rendered":"Protesta para kryeministris\u00eb, Basha i vendosur: Asnj\u00eb hap pas n\u00eb \u00e7lirimin e vendit nga e keqja"},"content":{"rendered":"<p>Kur opozita e bashkuar dhe qytetar\u00ebt po b\u00ebjn\u00eb p\u00ebrgatitjet e fundit para nisjes zyrtare t\u00eb protest\u00ebs s\u00eb shtat\u00eb mbar\u00ebkomb\u00ebtare para kryeministris\u00eb, lideri i opozit\u00ebs Lulzim Basha p\u00ebrs\u00ebrit edhe nj\u00eb her\u00eb thirrjen e tij p\u00ebr pjes\u00ebmarrje sa m\u00eb masive.<\/p>\n<p>P\u00ebrmes nj\u00eb postimi n\u00eb rrjetet sociale, lideri i opozit\u00ebs shprehet se, nuk do t\u00eb ket\u00eb asnj\u00eb hap p\u00ebr \u00e7lirimin e Shqip\u00ebris\u00eb nga e keqja, si\u00e7 e quan ai qeverisjen Rama.<\/p>\n<p>\u201cAsnj\u00eb hap pas p\u00ebr \u00e7lirimin e vendit nga e keqja! Sonte n\u00eb ora 19:00 t\u00eb gjith\u00eb n\u00eb shesh!\u00a0#2qershor\u00a0#Shqip\u00ebriaSiEuropa\u201d, shkruan Basha n\u00eb postimin e para pak minutave.<\/p>\n<p>&nbsp;<\/p>","protected":false},"excerpt":{"rendered":"<p>Kur opozita e bashkuar dhe qytetar\u00ebt po b\u00ebjn\u00eb p\u00ebrgatitjet e fundit para nisjes zyrtare t\u00eb protest\u00ebs s\u00eb shtat\u00eb mbar\u00ebkomb\u00ebtare para kryeministris\u00eb, lideri i opozit\u00ebs Lulzim Basha p\u00ebrs\u00ebrit edhe nj\u00eb her\u00eb thirrjen e tij p\u00ebr pjes\u00ebmarrje sa m\u00eb masive. P\u00ebrmes nj\u00eb postimi n\u00eb rrjetet sociale, lideri i opozit\u00ebs shprehet se, nuk do t\u00eb ket\u00eb asnj\u00eb hap [&hellip;]<\/p>\n","protected":false},"author":2013,"featured_media":85052,"comment_status":"open","ping_status":"closed","sticky":false,"template":"","format":"standard","meta":{"footnotes":""},"categories":[241,235],"tags":[],"class_list":{"0":"post-87313","1":"post","2":"type-post","3":"status-publish","4":"format-standard","5":"has-post-thumbnail","7":"category-aktualitet","8":"category-vendi"},"_links":{"self":[{"href":"https:\/\/zjarr.tv\/en\/wp-json\/wp\/v2\/posts\/87313","targetHints":{"allow":["GET"]}}],"collection":[{"href":"https:\/\/zjarr.tv\/en\/wp-json\/wp\/v2\/posts"}],"about":[{"href":"https:\/\/zjarr.tv\/en\/wp-json\/wp\/v2\/types\/post"}],"author":[{"embeddable":true,"href":"https:\/\/zjarr.tv\/en\/wp-json\/wp\/v2\/users\/2013"}],"replies":[{"embeddable":true,"href":"https:\/\/zjarr.tv\/en\/wp-json\/wp\/v2\/comments?post=87313"}],"version-history":[{"count":0,"href":"https:\/\/zjarr.tv\/en\/wp-json\/wp\/v2\/posts\/87313\/revisions"}],"wp:featuredmedia":[{"embeddable":true,"href":"https:\/\/zjarr.tv\/en\/wp-json\/wp\/v2\/media\/85052"}],"wp:attachment":[{"href":"https:\/\/zjarr.tv\/en\/wp-json\/wp\/v2\/media?parent=87313"}],"wp:term":[{"taxonomy":"category","embeddable":true,"href":"https:\/\/zjarr.tv\/en\/wp-json\/wp\/v2\/categories?post=87313"},{"taxonomy":"post_tag","embeddable":true,"href":"https:\/\/zjarr.tv\/en\/wp-json\/wp\/v2\/tags?post=87313"}],"curies":[{"name":"wp","href":"https:\/\/api.w.org\/{rel}","templated":true}]}}