{"id":87317,"date":"2019-06-02T16:49:31","date_gmt":"2019-06-02T14:49:31","guid":{"rendered":"https:\/\/zjarr.tv\/?p=87317"},"modified":"2019-06-02T16:49:31","modified_gmt":"2019-06-02T14:49:31","slug":"meta-pret-stoltenberg-prania-e-nato-s-ne-kosove-stabilitet-per-rajonin","status":"publish","type":"post","link":"https:\/\/zjarr.tv\/en\/meta-pret-stoltenberg-prania-e-nato-s-ne-kosove-stabilitet-per-rajonin\/","title":{"rendered":"Meta pret Stoltenberg: Prania e NATO-s n\u00eb Kosov\u00eb, stabilitet p\u00ebr rajonin"},"content":{"rendered":"<p>Presidenit i Republik\u00ebs, Ilir Meta ka pritur n\u00eb nj\u00eb takim sekretarin e p\u00ebrgjithsh\u00ebm t\u00eb NATO-s, Jens Stoltemberg<\/p>\n<p>Presidenti Meta shprehu k\u00ebnaq\u00ebsin\u00eb e ve\u00e7ant\u00eb q\u00eb vizita e Sekretarit t\u00eb P\u00ebrgjithsh\u00ebm p\u00ebrkon me 10-vjetorin e an\u00ebtar\u00ebsimit t\u00eb vendit n\u00eb NATO, objektivin strategjik t\u00eb t\u00eb gjitha qeverive shqiptare t\u00eb pas \u201890-\u00ebs, t\u00eb t\u00eb gjith\u00eb grave dhe burrave t\u00eb Forcave tona t\u00eb Armatosura, dhe mbi t\u00eb gjitha t\u00eb t\u00eb gjith\u00eb shqiptar\u00ebve kudo ndodhen.<\/p>\n<p>Kreu i Shtetit theksoi se ndan plot\u00ebsisht vizionin e Sekretarit Stoltenberg se \u00ebsht\u00eb detyra dhe p\u00ebrgjegj\u00ebsia e \u00e7do aleati t\u00eb forcojm\u00eb Organizat\u00ebn duke investuar \u00e7do p\u00ebrpjekje dhe kontribut n\u00eb sh\u00ebrbim t\u00eb mbrojtjes kolektive dhe nj\u00ebkoh\u00ebsisht t\u00eb \u00e7do vendi an\u00ebtar.<\/p>\n<p>N\u00eb k\u00ebt\u00eb kuad\u00ebr, Presidenti do t\u00eb vazhdoj\u00eb t\u00eb mb\u00ebshtes\u00eb dhe inkurajoj\u00eb rritjen e buxhetit p\u00ebr mbrojtjen n\u00eb 2% brenda 2024, jo vet\u00ebm si detyrim por edhe si p\u00ebrgjegj\u00ebsi p\u00ebr ndarjen e barr\u00ebs.<\/p>\n<p>Presidenti Meta \u00e7moi investimin e NATO-s n\u00eb Baz\u00ebn Ajrore t\u00eb Ku\u00e7ov\u00ebs si nj\u00eb aset p\u00ebr sigurin\u00eb e vendit, rajonit dhe Aleanc\u00ebs.<\/p>\n<p>Kreu i Shtetit theksoi se Shqip\u00ebria e pret me entuziaz\u00ebm an\u00ebtar\u00ebsimin e af\u00ebrt t\u00eb Maqedonis\u00eb s\u00eb Veriut n\u00eb NATO.<\/p>\n<p>Ky ishte vendimi i duhur n\u00eb koh\u00ebn e duhur, q\u00eb shp\u00ebrbleu zgjidhjen e mosmarr\u00ebveshjeve dypal\u00ebshe fal\u00eb angazhimit konstruktiv t\u00eb drejtuesve m\u00eb t\u00eb lart\u00eb t\u00eb Maqedonis\u00eb s\u00eb Veriut dhe Greqis\u00eb, si dhe fal\u00eb bashk\u00ebpunimit t\u00eb paz\u00ebvend\u00ebsuesh\u00ebm mes ShBA-ve dhe BE-s\u00eb.<\/p>\n<p>Presidenti Meta vuri n\u00eb dukje rolin e jasht\u00ebzakonsh\u00ebm dhe jetik n\u00eb mb\u00ebshtetje t\u00eb k\u00ebtij objektivi strategjik nga shqiptar\u00ebt e Maqedonis\u00eb s\u00eb Veriut.<\/p>\n<p>Kreu i Shtetit theksoi se zgjerimi dhe prania e NATO-s n\u00eb rajonin ton\u00eb jan\u00eb ky\u00e7 p\u00ebr konsolidimin e siguris\u00eb, paqes dhe stabilitetit t\u00eb Ballkanit Per\u00ebndimor.<\/p>\n<p>\u201cPrania e NATO-s n\u00eb Kosov\u00eb, n\u00eb bashk\u00ebpunim t\u00eb ngusht\u00eb me institucionet e Kosov\u00ebs dhe BE, kontribuon p\u00ebr nj\u00eb mjedis m\u00eb t\u00eb sigurt\u00eb n\u00eb terren, dhe \u00ebsht\u00eb nj\u00ebkoh\u00ebsisht thelb\u00ebsore p\u00ebr t\u00ebr\u00ebsin\u00eb territoriale t\u00eb Kosov\u00ebs dhe stabilitetin n\u00eb rajon\u201d, &#8211; u shpreh Presidenti Meta.<\/p>\n<p>M\u00eb tej Kreu i Shtetit u shpreh se Shqip\u00ebria mb\u00ebshtet t\u00eb drejt\u00ebn legjitime dhe sovrane t\u00eb Kosov\u00ebs p\u00ebr nj\u00eb tranzicion gradual t\u00eb FSK n\u00eb ushtri multietnike, dhe n\u00eb nd\u00ebrveprim t\u00eb plot\u00eb me NATO-n.<\/p>\n<p>\u201cIntegrimi europian dhe euro-atlantik p\u00ebrb\u00ebjn\u00eb t\u00eb vetmen garanci t\u00eb besueshme p\u00ebr konsolidimin e paqes, siguris\u00eb dhe begatis\u00eb n\u00eb rajon, bazuar mbi vlerat e p\u00ebrbashk\u00ebta, dhe p\u00ebrparimi n\u00eb k\u00ebto organizata ia vlen \u00e7do sakrific\u00eb dhe pun\u00eb t\u00eb palodhur\u201d, &#8211; theksoi Presidenti Meta.<\/p>\n<p>&nbsp;<\/p>","protected":false},"excerpt":{"rendered":"<p>Presidenit i Republik\u00ebs, Ilir Meta ka pritur n\u00eb nj\u00eb takim sekretarin e p\u00ebrgjithsh\u00ebm t\u00eb NATO-s, Jens Stoltemberg Presidenti Meta shprehu k\u00ebnaq\u00ebsin\u00eb e ve\u00e7ant\u00eb q\u00eb vizita e Sekretarit t\u00eb P\u00ebrgjithsh\u00ebm p\u00ebrkon me 10-vjetorin e an\u00ebtar\u00ebsimit t\u00eb vendit n\u00eb NATO, objektivin strategjik t\u00eb t\u00eb gjitha qeverive shqiptare t\u00eb pas \u201890-\u00ebs, t\u00eb t\u00eb gjith\u00eb grave dhe burrave t\u00eb [&hellip;]<\/p>\n","protected":false},"author":2013,"featured_media":87318,"comment_status":"open","ping_status":"closed","sticky":false,"template":"","format":"standard","meta":{"footnotes":""},"categories":[241,235],"tags":[],"class_list":{"0":"post-87317","1":"post","2":"type-post","3":"status-publish","4":"format-standard","5":"has-post-thumbnail","7":"category-aktualitet","8":"category-vendi"},"_links":{"self":[{"href":"https:\/\/zjarr.tv\/en\/wp-json\/wp\/v2\/posts\/87317","targetHints":{"allow":["GET"]}}],"collection":[{"href":"https:\/\/zjarr.tv\/en\/wp-json\/wp\/v2\/posts"}],"about":[{"href":"https:\/\/zjarr.tv\/en\/wp-json\/wp\/v2\/types\/post"}],"author":[{"embeddable":true,"href":"https:\/\/zjarr.tv\/en\/wp-json\/wp\/v2\/users\/2013"}],"replies":[{"embeddable":true,"href":"https:\/\/zjarr.tv\/en\/wp-json\/wp\/v2\/comments?post=87317"}],"version-history":[{"count":0,"href":"https:\/\/zjarr.tv\/en\/wp-json\/wp\/v2\/posts\/87317\/revisions"}],"wp:featuredmedia":[{"embeddable":true,"href":"https:\/\/zjarr.tv\/en\/wp-json\/wp\/v2\/media\/87318"}],"wp:attachment":[{"href":"https:\/\/zjarr.tv\/en\/wp-json\/wp\/v2\/media?parent=87317"}],"wp:term":[{"taxonomy":"category","embeddable":true,"href":"https:\/\/zjarr.tv\/en\/wp-json\/wp\/v2\/categories?post=87317"},{"taxonomy":"post_tag","embeddable":true,"href":"https:\/\/zjarr.tv\/en\/wp-json\/wp\/v2\/tags?post=87317"}],"curies":[{"name":"wp","href":"https:\/\/api.w.org\/{rel}","templated":true}]}}