{"id":87322,"date":"2019-06-02T16:54:08","date_gmt":"2019-06-02T14:54:08","guid":{"rendered":"https:\/\/zjarr.tv\/?p=87322"},"modified":"2019-06-02T16:54:08","modified_gmt":"2019-06-02T14:54:08","slug":"lindja-e-republikes-italiane","status":"publish","type":"post","link":"https:\/\/zjarr.tv\/en\/lindja-e-republikes-italiane\/","title":{"rendered":"Lindja e Republik\u00ebs Italiane"},"content":{"rendered":"<p>M\u00eb 2 qershor t\u00eb vitit 1946, n\u00eb nj\u00eb referendum, italian\u00ebt votojn\u00eb p\u00ebr ta kthyer Italin\u00eb nga nj\u00eb monarki n\u00eb Republik\u00eb. Pas referendumit, Mbreti Italian Umberto II ik\u00ebn n\u00eb m\u00ebrgim.<\/p>\n<p>M\u00eb 2 dhe 3 qershor 1946 do t\u00eb mbahej referendumi institucional i shpallur p\u00ebr votim t\u00eb p\u00ebrgjithsh\u00ebm, me t\u00eb cilin italian\u00ebt thirreshin n\u00eb kutit\u00eb e votimit p\u00ebr t\u2019u shprehur mbi form\u00ebn e qeverisjes q\u00eb donin t\u2019i jepnin vendit pas r\u00ebnies s\u00eb fashizmit, monarki apo republik\u00eb.<\/p>\n<p>Pas 85 vitesh mbret\u00ebri, me 12.718.641 vota pro dhe 10.718.502 kund\u00ebr, Italia b\u00ebhet Republik\u00eb dhe monark\u00ebt e sht\u00ebpis\u00eb s\u00eb Savoj\u00ebs emigrojn\u00eb.<\/p>\n<p>M\u00eb 2 qershor festohet lindja e kombit, n\u00eb m\u00ebnyr\u00eb t\u00eb ngjashme me 14 korrikun francez (p\u00ebrvjetori i marrjes s\u00eb Bastiljes) dhe m\u00eb 4 korrikun e Shteteve t\u00eb Bashkuara (dit\u00eb n\u00eb t\u00eb cil\u00ebn m\u00eb 1776 ishte n\u00ebnshkruar deklarata e pavar\u00ebsis\u00eb).<\/p>\n<p>\u00cbsht\u00eb nj\u00eb moment shum\u00eb i r\u00ebnd\u00ebsish\u00ebm edhe p\u00ebr faktin se n\u00eb bot\u00eb jetojn\u00eb rreth 60 milion\u00eb pasardh\u00ebs t\u00eb italian\u00ebve t\u00eb emigruar dhe 4 milion\u00eb e 500 mij\u00eb me pasaport\u00eb italiane q\u00eb jetojn\u00eb jasht\u00eb vendit.<\/p>","protected":false},"excerpt":{"rendered":"<p>M\u00eb 2 qershor t\u00eb vitit 1946, n\u00eb nj\u00eb referendum, italian\u00ebt votojn\u00eb p\u00ebr ta kthyer Italin\u00eb nga nj\u00eb monarki n\u00eb Republik\u00eb. Pas referendumit, Mbreti Italian Umberto II ik\u00ebn n\u00eb m\u00ebrgim. M\u00eb 2 dhe 3 qershor 1946 do t\u00eb mbahej referendumi institucional i shpallur p\u00ebr votim t\u00eb p\u00ebrgjithsh\u00ebm, me t\u00eb cilin italian\u00ebt thirreshin n\u00eb kutit\u00eb e votimit [&hellip;]<\/p>\n","protected":false},"author":2013,"featured_media":87323,"comment_status":"open","ping_status":"closed","sticky":false,"template":"","format":"standard","meta":{"footnotes":""},"categories":[241,191],"tags":[],"class_list":{"0":"post-87322","1":"post","2":"type-post","3":"status-publish","4":"format-standard","5":"has-post-thumbnail","7":"category-aktualitet","8":"category-bota"},"_links":{"self":[{"href":"https:\/\/zjarr.tv\/en\/wp-json\/wp\/v2\/posts\/87322","targetHints":{"allow":["GET"]}}],"collection":[{"href":"https:\/\/zjarr.tv\/en\/wp-json\/wp\/v2\/posts"}],"about":[{"href":"https:\/\/zjarr.tv\/en\/wp-json\/wp\/v2\/types\/post"}],"author":[{"embeddable":true,"href":"https:\/\/zjarr.tv\/en\/wp-json\/wp\/v2\/users\/2013"}],"replies":[{"embeddable":true,"href":"https:\/\/zjarr.tv\/en\/wp-json\/wp\/v2\/comments?post=87322"}],"version-history":[{"count":0,"href":"https:\/\/zjarr.tv\/en\/wp-json\/wp\/v2\/posts\/87322\/revisions"}],"wp:featuredmedia":[{"embeddable":true,"href":"https:\/\/zjarr.tv\/en\/wp-json\/wp\/v2\/media\/87323"}],"wp:attachment":[{"href":"https:\/\/zjarr.tv\/en\/wp-json\/wp\/v2\/media?parent=87322"}],"wp:term":[{"taxonomy":"category","embeddable":true,"href":"https:\/\/zjarr.tv\/en\/wp-json\/wp\/v2\/categories?post=87322"},{"taxonomy":"post_tag","embeddable":true,"href":"https:\/\/zjarr.tv\/en\/wp-json\/wp\/v2\/tags?post=87322"}],"curies":[{"name":"wp","href":"https:\/\/api.w.org\/{rel}","templated":true}]}}