{"id":87328,"date":"2019-06-02T17:07:31","date_gmt":"2019-06-02T15:07:31","guid":{"rendered":"https:\/\/zjarr.tv\/?p=87328"},"modified":"2019-06-02T17:15:52","modified_gmt":"2019-06-02T15:15:52","slug":"ismet-drishti-zgjidhja-e-krizes-vjen-nga-e-dhjera-mos-qeshni-lexojeni","status":"publish","type":"post","link":"https:\/\/zjarr.tv\/en\/ismet-drishti-zgjidhja-e-krizes-vjen-nga-e-dhjera-mos-qeshni-lexojeni\/","title":{"rendered":"Ismet Drishti\/ Zgjidhja e kriz\u00ebs vjen nga e dhjera! (Mos qeshni, lexojeni!)"},"content":{"rendered":"<p><a href=\"https:\/\/zjarr.tv\/wp-content\/uploads\/2019\/06\/ismeti.jpg\"><img loading=\"lazy\" decoding=\"async\" class=\"alignnone size-medium wp-image-87330\" src=\"https:\/\/zjarr.tv\/wp-content\/uploads\/2019\/06\/ismeti-300x300.jpg\" alt=\"\" width=\"300\" height=\"300\" srcset=\"https:\/\/zjarr.tv\/wp-content\/uploads\/2019\/06\/ismeti-300x300.jpg 300w, https:\/\/zjarr.tv\/wp-content\/uploads\/2019\/06\/ismeti-150x150.jpg 150w, https:\/\/zjarr.tv\/wp-content\/uploads\/2019\/06\/ismeti.jpg 400w\" sizes=\"auto, (max-width: 300px) 100vw, 300px\" \/><\/a><\/p>\n<p>Tashm\u00eb nuk ka shqiptar q\u00eb nuk e v\u00eb re se sa e r\u00ebnd\u00eb \u00ebshte kriza. T\u00eb gjith\u00eb kan\u00eb vet\u00ebm nj\u00eb pyetje: A po shkon vendi drejt p\u00ebrplasjes civile? Pyetje q\u00eb I drejtohet \u00e7do politikani nga \u00e7do gazetar apo pseudogazetar, nga \u00e7do analist apo pseudoanalist, nga \u00e7do intelektual apo pseudointelektual dhe m\u00eb e r\u00ebnd\u00ebsishmja nga \u00e7do qytetar I thjesht\u00eb I k\u00ebtij vendi q\u00eb n\u00eb fund t\u00eb dit\u00ebs do ti \u00e7oj\u00eb kalamajve buk\u00ebn n\u00eb sht\u00ebpi dhe numeron qindarkat p\u00ebr t\u00eb paguar faturat e kripura. A po shkojm\u00eb drejt p\u00ebrplasjes? A duhet t\u00eb ket\u00eb p\u00ebrs\u00ebri p\u00ebrplasje ky popull I vuajtur nd\u00ebr dekada t\u00eb pafundme. Mendoj se seicili mund t\u00eb arrij\u00eb vet\u00eb n\u00eb konkluzion pasi ti jap\u00eb p\u00ebrgjigje nj\u00eb pyetjeje t\u00eb thjesht\u00eb: A duhet t\u00eb rroknin arm\u00ebt Shqiptar\u00ebt n\u00eb 1945 \u2013 \u00ebn n\u00ebse do e dinin se \u00e7far\u00eb do u ndodhte n\u00eb 45 vitet n\u00eb vazhdim?! N\u00ebse do e dinin se \u00e7\u2019theqafje diktature po gatuhej, a duhet t\u00eb rroknin arm\u00ebt? Apo si derrat n\u00eb thertore t\u00eb shkonin me bleg\u00ebrima t\u00eb mekura? A n\u00eb mos skllev\u00ebr t\u00eb thirreshin pa kurrfar\u00eb droje si\u00e7 shpesh u vetthirr\u00ebn? P\u00ebrgjigjuni! Jepini p\u00ebrgjigje k\u00ebsaj pyetjeje dhe gjith\u00e7ka b\u00ebhet e qart\u00eb si drita e diellit. Rezultatin e nj\u00eb sistemi me votime e pa zgjedhje e dime! E kemi provuar! Nuk kemi pse e eksperimentojm\u00eb p\u00ebr s\u00eb dyti! I zoti I sht\u00ebpis\u00eb t\u00eb na siguroj\u00eb ZGJEDHJE! Prandaj \u00ebsht\u00eb zot sht\u00ebpie q\u00eb t\u00eb mbaj\u00eb p\u00ebrgjegj\u00ebsi p\u00ebr pun\u00ebt e sht\u00ebpis\u00eb! Zgjedhjet na I garanton kushtetuta, I zoti I sht\u00ebpis\u00eb ti realizoj\u00eb ose t\u00eb hap\u00eb krahun! S\u00eb dyti ND\u00cbRKOMB\u00cbTAR\u00cbT! Q\u00eb tash 100 vjet vazhdon e nj\u00ebjta histori: shar\u00ebs nd\u00ebrvedi e l\u00ebpir\u00ebs t\u00eb nd\u00ebrkomb\u00ebtar\u00ebve rregullisht. T\u00eb Evrop\u00ebs, Amerik\u00ebs, e deri te Lenini! Shqiptar\u00eb pa fund nd\u00ebr radha t\u00eb gjata kush e kush t\u00eb shaj\u00eb m\u00eb shum\u00eb v\u00ebllane e motr\u00ebn e ti l\u00ebpihet deri n\u00eb neveri t\u00eb huajit! Nj\u00eb kujtes\u00eb modeste shokut tim t\u00eb shkoll\u00ebs Edit: O Edo, ke lexuar aq shum\u00eb sa t\u00eb dish q\u00eb n\u00eb 100 vjetet e fundit, nuk ka ngel\u00eb n\u00eb kujtes\u00ebn historike asnj\u00eb politikan q\u00eb u kacavar pas zheleve t\u00eb nd\u00ebrkombetar\u00ebve\u2026 I vetmi q\u00eb gjallon ma fort se t\u00eb gjall\u00ebt \u00ebshte Fishta I madh me vargjet lapidare: Moj Europ\u00eb moj kurva e motit! E bash si t\u00eb mos e dish, tani n\u00eb em\u00ebr t\u00eb tyre po I d\u00ebnon edhe familjarisht me mosmarrje vizash. Per krye t\u00ebnd t\u00eb till\u00eb marri e t\u00eb till\u00eb hajgare nuk e kam pritur prej teje. S\u00eb treti por jo m\u00eb pak e r\u00ebnd\u00ebsishme! D\u00ebgjojm\u00eb shpesh nj\u00eb mut jan\u00eb t\u00eb dyja pal\u00ebt! Merr nj\u00eb mut e ndaje p\u00ebrgjys\u00ebm! Nj\u00eb mut jan\u00eb e nj\u00eb er\u00eb kan\u00eb e t\u00eb tjera shprehje pun\u00eb muti! P\u00ebr nj\u00eb moment po bie dakort me t\u00eb gjithe e po them po! Ashtu \u00ebsht\u00eb! Poooor miq e dashamir\u00ebs q\u00eb mjaftoheni e doni t\u00eb rrini n\u00ebn nj\u00eb mut, m\u00eb duhet t\u2019ju them se: prandaj ekziston procesi I dhjerjes, q\u00eb t\u00eb ik\u00eb nj\u00eb mut e ti liroj\u00eb rrug\u00eb mutit tjet\u00ebr. E se kur duhet t\u00eb ndodhe ky proces &#8211; e p\u00ebrcakton dhimbja e barkut. Se \u00e7\u2019mut do vij\u00eb apo do riciklohet, I thar\u00eb nga koha n\u00eb pushtet, m\u00eb I mire a m\u00eb I keq, k\u00ebt\u00eb se them dot se fat muti kemi. Por nj\u00eb gj\u00eb e di me siguri: ky vend duhet t\u00eb dhjes\u00eb se \u00ebsht\u00eb palosur m\u00eb dysh nga dhimbja!<\/p>\n<p>Nga Ismet Drishti<\/p>\n<p>&nbsp;<\/p>","protected":false},"excerpt":{"rendered":"<p>Tashm\u00eb nuk ka shqiptar q\u00eb nuk e v\u00eb re se sa e r\u00ebnd\u00eb \u00ebshte kriza. T\u00eb gjith\u00eb kan\u00eb vet\u00ebm nj\u00eb pyetje: A po shkon vendi drejt p\u00ebrplasjes civile? Pyetje q\u00eb I drejtohet \u00e7do politikani nga \u00e7do gazetar apo pseudogazetar, nga \u00e7do analist apo pseudoanalist, nga \u00e7do intelektual apo pseudointelektual dhe m\u00eb e r\u00ebnd\u00ebsishmja nga \u00e7do [&hellip;]<\/p>\n","protected":false},"author":2013,"featured_media":87329,"comment_status":"open","ping_status":"closed","sticky":false,"template":"","format":"standard","meta":{"footnotes":""},"categories":[241,235],"tags":[],"class_list":{"0":"post-87328","1":"post","2":"type-post","3":"status-publish","4":"format-standard","5":"has-post-thumbnail","7":"category-aktualitet","8":"category-vendi"},"_links":{"self":[{"href":"https:\/\/zjarr.tv\/en\/wp-json\/wp\/v2\/posts\/87328","targetHints":{"allow":["GET"]}}],"collection":[{"href":"https:\/\/zjarr.tv\/en\/wp-json\/wp\/v2\/posts"}],"about":[{"href":"https:\/\/zjarr.tv\/en\/wp-json\/wp\/v2\/types\/post"}],"author":[{"embeddable":true,"href":"https:\/\/zjarr.tv\/en\/wp-json\/wp\/v2\/users\/2013"}],"replies":[{"embeddable":true,"href":"https:\/\/zjarr.tv\/en\/wp-json\/wp\/v2\/comments?post=87328"}],"version-history":[{"count":0,"href":"https:\/\/zjarr.tv\/en\/wp-json\/wp\/v2\/posts\/87328\/revisions"}],"wp:featuredmedia":[{"embeddable":true,"href":"https:\/\/zjarr.tv\/en\/wp-json\/wp\/v2\/media\/87329"}],"wp:attachment":[{"href":"https:\/\/zjarr.tv\/en\/wp-json\/wp\/v2\/media?parent=87328"}],"wp:term":[{"taxonomy":"category","embeddable":true,"href":"https:\/\/zjarr.tv\/en\/wp-json\/wp\/v2\/categories?post=87328"},{"taxonomy":"post_tag","embeddable":true,"href":"https:\/\/zjarr.tv\/en\/wp-json\/wp\/v2\/tags?post=87328"}],"curies":[{"name":"wp","href":"https:\/\/api.w.org\/{rel}","templated":true}]}}