{"id":87346,"date":"2019-06-02T17:21:14","date_gmt":"2019-06-02T15:21:14","guid":{"rendered":"https:\/\/zjarr.tv\/?p=87346"},"modified":"2019-06-02T17:21:14","modified_gmt":"2019-06-02T15:21:14","slug":"stuhia-ne-berat-rrezohet-pema-shekullore-bllokohet-rruga","status":"publish","type":"post","link":"https:\/\/zjarr.tv\/en\/stuhia-ne-berat-rrezohet-pema-shekullore-bllokohet-rruga\/","title":{"rendered":"Stuhia n\u00eb Berat, rr\u00ebzohet pema shekullore, bllokohet rruga"},"content":{"rendered":"<p>Nj\u00eb pem\u00eb shekullore, rrap, \u00ebsht\u00eb rr\u00ebzuar pasditen e sotme n\u00eb aksin mes 2 urave n\u00eb qytetin e Beratit, por fatmir\u00ebsisht nuk ka shkaktuar t\u00eb l\u00ebnduar apo d\u00ebme materiale nd\u00ebr mjetet q\u00eb qarkullonin n\u00eb rrug\u00eb. Pema m\u00ebsohet se \u00ebsht\u00eb rrezuar si pasoj\u00eb e er\u00ebs s\u00eb shoq\u00ebruar edhe me shi e rrebesh.<\/p>\n<p>Rr\u00ebzimi i pem\u00ebs n\u00eb aksin Ura e Goric\u00ebs-Ura e Varur, ka bllokuar qarkullimin e mjeteve n\u00eb rrug\u00eb n\u00eb nj\u00ebrin krah dhe tashm\u00eb qarkullimin n\u00eb k\u00ebt\u00eb aks qarkullimi \u00ebsht\u00eb duke u monitoruar nga efektiv\u00eb t\u00eb policis\u00eb rrugore.<\/p>\n<p>Pasi \u00ebsht\u00eb d\u00ebmtuar mbrojt\u00ebsja prej hekuri n\u00eb an\u00eb t\u00eb rrug\u00ebs s\u00eb k\u00ebmb\u00ebsor\u00ebve, pema ka p\u00ebrfunduar n\u00eb rrug\u00ebn automobilistike dhe \u00ebsht\u00eb dashur nd\u00ebrhyrja e zjarrfik\u00ebses q\u00eb kan\u00eb prer\u00eb pem\u00ebn p\u00ebr t\u00eb mund\u00ebsuar hapjen e rrug\u00ebs dhe p\u00ebr t\u00eb vijuar qarkullimin normal t\u00eb mjeteve.<\/p>\n<p>&nbsp;<\/p>","protected":false},"excerpt":{"rendered":"<p>Nj\u00eb pem\u00eb shekullore, rrap, \u00ebsht\u00eb rr\u00ebzuar pasditen e sotme n\u00eb aksin mes 2 urave n\u00eb qytetin e Beratit, por fatmir\u00ebsisht nuk ka shkaktuar t\u00eb l\u00ebnduar apo d\u00ebme materiale nd\u00ebr mjetet q\u00eb qarkullonin n\u00eb rrug\u00eb. Pema m\u00ebsohet se \u00ebsht\u00eb rrezuar si pasoj\u00eb e er\u00ebs s\u00eb shoq\u00ebruar edhe me shi e rrebesh. Rr\u00ebzimi i pem\u00ebs n\u00eb aksin [&hellip;]<\/p>\n","protected":false},"author":2013,"featured_media":87347,"comment_status":"open","ping_status":"closed","sticky":false,"template":"","format":"standard","meta":{"footnotes":""},"categories":[241,235],"tags":[],"class_list":{"0":"post-87346","1":"post","2":"type-post","3":"status-publish","4":"format-standard","5":"has-post-thumbnail","7":"category-aktualitet","8":"category-vendi"},"_links":{"self":[{"href":"https:\/\/zjarr.tv\/en\/wp-json\/wp\/v2\/posts\/87346","targetHints":{"allow":["GET"]}}],"collection":[{"href":"https:\/\/zjarr.tv\/en\/wp-json\/wp\/v2\/posts"}],"about":[{"href":"https:\/\/zjarr.tv\/en\/wp-json\/wp\/v2\/types\/post"}],"author":[{"embeddable":true,"href":"https:\/\/zjarr.tv\/en\/wp-json\/wp\/v2\/users\/2013"}],"replies":[{"embeddable":true,"href":"https:\/\/zjarr.tv\/en\/wp-json\/wp\/v2\/comments?post=87346"}],"version-history":[{"count":0,"href":"https:\/\/zjarr.tv\/en\/wp-json\/wp\/v2\/posts\/87346\/revisions"}],"wp:featuredmedia":[{"embeddable":true,"href":"https:\/\/zjarr.tv\/en\/wp-json\/wp\/v2\/media\/87347"}],"wp:attachment":[{"href":"https:\/\/zjarr.tv\/en\/wp-json\/wp\/v2\/media?parent=87346"}],"wp:term":[{"taxonomy":"category","embeddable":true,"href":"https:\/\/zjarr.tv\/en\/wp-json\/wp\/v2\/categories?post=87346"},{"taxonomy":"post_tag","embeddable":true,"href":"https:\/\/zjarr.tv\/en\/wp-json\/wp\/v2\/tags?post=87346"}],"curies":[{"name":"wp","href":"https:\/\/api.w.org\/{rel}","templated":true}]}}