{"id":87353,"date":"2019-06-02T21:00:51","date_gmt":"2019-06-02T19:00:51","guid":{"rendered":"https:\/\/zjarr.tv\/?p=87353"},"modified":"2019-06-02T17:25:34","modified_gmt":"2019-06-02T15:25:34","slug":"trump-brexit-edhe-pa-marreveshje","status":"publish","type":"post","link":"https:\/\/zjarr.tv\/en\/trump-brexit-edhe-pa-marreveshje\/","title":{"rendered":"Trump: BREXIT edhe pa marr\u00ebveshje"},"content":{"rendered":"<p>Presidenti amerikan, Donald Trump, i ka sugjeruar Britanis\u00eb s\u00eb Madhe q\u00eb t\u00eb ndahet pa marr\u00ebveshje me Brukselin n\u00ebse nuk i plot\u00ebsohen k\u00ebrkesat.<br \/>\nN\u00eb nj\u00eb intervist\u00eb me gazet\u00ebn londineze &#8220;Sandei Tajms&#8221;, Trump kritikoi negociatat e qeveris\u00eb s\u00eb Tereza Mejit.<br \/>\nAi tha se vendi mund t\u00eb siguroj\u00eb kompromisin e munguar n\u00ebse bisedimet i besohen udh\u00ebheq\u00ebsit t\u00eb partis\u00eb pro-daljes nga BE-ja, Najxhwl Faraxh.<br \/>\nTrump gjithashtu komentoi fatur\u00ebn e divorcit me BE-n\u00eb n\u00eb vler\u00ebn 50 miliard\u00eb dollar\u00eb, duke e vler\u00ebsuar t\u00eb papranueshme, nd\u00ebrsa u shpreh optimist se pas Brexit, Anglia dhe SHBA-ja mund t\u00eb arrijn\u00eb marr\u00ebveshje tregtare brenda disa muajve.<br \/>\nSikurse nj\u00eb dit\u00eb m\u00eb par\u00eb, shefi i zyr\u00ebs ovale b\u00ebri t\u00eb njohur simpatin\u00eb e tij p\u00ebr kandidat\u00ebt p\u00ebr kryeminist\u00ebr t\u00eb Britanis\u00eb s\u00eb Madhe, duke ve\u00e7uar ish-kryediplomatin kontrovers Boris Xhonson si nj\u00eb figur\u00eb t\u00eb shk\u00eblqyer p\u00ebr postin e ekzekutivit.<br \/>\nDeklaratat e tij vijn\u00eb nj\u00eb dit\u00eb p\u00ebrpara nisjes s\u00eb vizit\u00ebs shtet\u00ebrore n\u00eb vend.<br \/>\nQ\u00ebndrimi i tij treditor \u00ebsht\u00eb paralajm\u00ebruar se do t\u00eb shoq\u00ebrohet me protesta, madje kritikat ndaj tij nuk jan\u00eb kursyer as nga vet\u00eb kryebashkiaku i Londr\u00ebs, Sadik Kan, i cili n\u00eb fundjav\u00eb e krahasoi shefin e Sht\u00ebpis\u00eb s\u00eb Bardh\u00eb me lider\u00ebt fashist\u00eb t\u00eb shekullit t\u00eb 20-t\u00eb dhe e cil\u00ebsoi nj\u00eb k\u00ebrc\u00ebnim p\u00ebr bot\u00ebn.<br \/>\nT\u00eb h\u00ebn\u00ebn, presidenti amerikan do t\u00eb takoj\u00eb privatisht mbret\u00ebresh\u00ebn Elizabeta e Dyt\u00eb, nd\u00ebrsa n\u00eb dat\u00ebn 6 qershor pritet t\u00eb marr\u00eb pjes\u00eb n\u00eb ceremonin\u00eb e 75-vjetorit t\u00eb nisjes s\u00eb sulmeve t\u00eb forcave aleate n\u00eb Luft\u00ebn e Dyt\u00eb Bot\u00ebrore.<\/p>","protected":false},"excerpt":{"rendered":"<p>Presidenti amerikan, Donald Trump, i ka sugjeruar Britanis\u00eb s\u00eb Madhe q\u00eb t\u00eb ndahet pa marr\u00ebveshje me Brukselin n\u00ebse nuk i plot\u00ebsohen k\u00ebrkesat. N\u00eb nj\u00eb intervist\u00eb me gazet\u00ebn londineze &#8220;Sandei Tajms&#8221;, Trump kritikoi negociatat e qeveris\u00eb s\u00eb Tereza Mejit. Ai tha se vendi mund t\u00eb siguroj\u00eb kompromisin e munguar n\u00ebse bisedimet i besohen udh\u00ebheq\u00ebsit t\u00eb partis\u00eb [&hellip;]<\/p>\n","protected":false},"author":2013,"featured_media":61143,"comment_status":"open","ping_status":"closed","sticky":false,"template":"","format":"standard","meta":{"footnotes":""},"categories":[241,191],"tags":[],"class_list":{"0":"post-87353","1":"post","2":"type-post","3":"status-publish","4":"format-standard","5":"has-post-thumbnail","7":"category-aktualitet","8":"category-bota"},"_links":{"self":[{"href":"https:\/\/zjarr.tv\/en\/wp-json\/wp\/v2\/posts\/87353","targetHints":{"allow":["GET"]}}],"collection":[{"href":"https:\/\/zjarr.tv\/en\/wp-json\/wp\/v2\/posts"}],"about":[{"href":"https:\/\/zjarr.tv\/en\/wp-json\/wp\/v2\/types\/post"}],"author":[{"embeddable":true,"href":"https:\/\/zjarr.tv\/en\/wp-json\/wp\/v2\/users\/2013"}],"replies":[{"embeddable":true,"href":"https:\/\/zjarr.tv\/en\/wp-json\/wp\/v2\/comments?post=87353"}],"version-history":[{"count":0,"href":"https:\/\/zjarr.tv\/en\/wp-json\/wp\/v2\/posts\/87353\/revisions"}],"wp:featuredmedia":[{"embeddable":true,"href":"https:\/\/zjarr.tv\/en\/wp-json\/wp\/v2\/media\/61143"}],"wp:attachment":[{"href":"https:\/\/zjarr.tv\/en\/wp-json\/wp\/v2\/media?parent=87353"}],"wp:term":[{"taxonomy":"category","embeddable":true,"href":"https:\/\/zjarr.tv\/en\/wp-json\/wp\/v2\/categories?post=87353"},{"taxonomy":"post_tag","embeddable":true,"href":"https:\/\/zjarr.tv\/en\/wp-json\/wp\/v2\/tags?post=87353"}],"curies":[{"name":"wp","href":"https:\/\/api.w.org\/{rel}","templated":true}]}}