{"id":87355,"date":"2019-06-02T21:10:24","date_gmt":"2019-06-02T19:10:24","guid":{"rendered":"https:\/\/zjarr.tv\/?p=87355"},"modified":"2019-06-02T17:26:58","modified_gmt":"2019-06-02T15:26:58","slug":"koalicioni-qeverises-gjerman-ne-pikepyetje","status":"publish","type":"post","link":"https:\/\/zjarr.tv\/en\/koalicioni-qeverises-gjerman-ne-pikepyetje\/","title":{"rendered":"Koalicioni qeveris\u00ebs gjerman n\u00eb pik\u00ebpyetje"},"content":{"rendered":"<p>Themelet e qeveris\u00eb gjermane jan\u00eb tronditur nga lajmi se nj\u00eb prej kryetar\u00ebve t\u00eb koalicionit do t\u00eb jap\u00eb dor\u00ebheqjen.<\/p>\n<p>Shefja e socialdemokrat\u00ebve, Andrea Nal\u00ebs, njoftoi t\u00eb diel\u00ebn pas konsultimeve me grupin parlamentar, se nuk ka m\u00eb mb\u00ebshtetjen e nevojshme p\u00ebr t\u00eb ushtruar detyrat e kryetares.<\/p>\n<p>Ajo shtoi se t\u00eb h\u00ebn\u00ebn do t\u00eb heq\u00eb dor\u00eb nga funksioni, nd\u00ebrsa nj\u00eb dit\u00eb m\u00eb pas do t\u00eb hapet gara p\u00ebr kreun e grupit parlamentar.<\/p>\n<p>Largimi i Nal\u00ebs vjen si pasoj\u00eb e rezultateve t\u00eb dob\u00ebta n\u00eb zgjedhjet europiane, ku socialdemokrat\u00ebt e saj u zhvendos\u00ebn nga ambientalist\u00ebt n\u00eb vendin e tret\u00eb, duke marr\u00eb m\u00eb pak se 16 p\u00ebr qind t\u00eb vot\u00ebs apo duke humbur bastione t\u00eb cilat i mbanin q\u00eb nga Lufta e Dyt\u00eb Bot\u00ebrore.<\/p>\n<p>Popullariteti i partis\u00eb filloi t\u00eb bjer\u00eb q\u00eb dy vite m\u00eb par\u00eb, kur u deklarua se do t\u00eb vijohej partneriteti me bllokun konservator t\u00eb kancelares Angela Merkel.<\/p>\n<p>Kritik\u00ebt brenda partis\u00eb kan\u00eb k\u00ebrkuar q\u00eb k\u00ebsaj aleance t&#8217;i jepet fundi sa m\u00eb shpejt, p\u00ebr t\u00eb rifituar besimin e humbur t\u00eb votuesve.<\/p>\n<p>Ish-ministrja e Pun\u00ebs u caktua si e para grua n\u00eb udh\u00ebheqje t\u00eb partis\u00eb 156-vje\u00e7are n\u00eb prill t\u00eb vitit t\u00eb kaluar, me largimin e papritur t\u00eb kryetarit Martin Shulc.<\/p>\n<p>Prej vitit 2013, t\u00eb majt\u00ebt me mbi 150 deputet\u00ebt e tyre qeverisin vendin s\u00eb bashku me kristiandemokrat\u00ebt dhe kristiansocialist\u00ebt.<\/p>\n<p>I ashtuquajturi &#8220;koalicion i madh&#8221; num\u00ebron 398 mandate n\u00eb Bundestagun gjerman, dhe nj\u00eb kalim i mundsh\u00ebm i SPD-s\u00eb n\u00eb opozit\u00eb do i mohonte shumic\u00ebn qeveris\u00ebse kancelares Merkel.<\/p>\n<p>&nbsp;<\/p>","protected":false},"excerpt":{"rendered":"<p>Themelet e qeveris\u00eb gjermane jan\u00eb tronditur nga lajmi se nj\u00eb prej kryetar\u00ebve t\u00eb koalicionit do t\u00eb jap\u00eb dor\u00ebheqjen. Shefja e socialdemokrat\u00ebve, Andrea Nal\u00ebs, njoftoi t\u00eb diel\u00ebn pas konsultimeve me grupin parlamentar, se nuk ka m\u00eb mb\u00ebshtetjen e nevojshme p\u00ebr t\u00eb ushtruar detyrat e kryetares. Ajo shtoi se t\u00eb h\u00ebn\u00ebn do t\u00eb heq\u00eb dor\u00eb nga funksioni, [&hellip;]<\/p>\n","protected":false},"author":2013,"featured_media":56415,"comment_status":"open","ping_status":"closed","sticky":false,"template":"","format":"standard","meta":{"footnotes":""},"categories":[241,191],"tags":[],"class_list":{"0":"post-87355","1":"post","2":"type-post","3":"status-publish","4":"format-standard","5":"has-post-thumbnail","7":"category-aktualitet","8":"category-bota"},"_links":{"self":[{"href":"https:\/\/zjarr.tv\/en\/wp-json\/wp\/v2\/posts\/87355","targetHints":{"allow":["GET"]}}],"collection":[{"href":"https:\/\/zjarr.tv\/en\/wp-json\/wp\/v2\/posts"}],"about":[{"href":"https:\/\/zjarr.tv\/en\/wp-json\/wp\/v2\/types\/post"}],"author":[{"embeddable":true,"href":"https:\/\/zjarr.tv\/en\/wp-json\/wp\/v2\/users\/2013"}],"replies":[{"embeddable":true,"href":"https:\/\/zjarr.tv\/en\/wp-json\/wp\/v2\/comments?post=87355"}],"version-history":[{"count":0,"href":"https:\/\/zjarr.tv\/en\/wp-json\/wp\/v2\/posts\/87355\/revisions"}],"wp:featuredmedia":[{"embeddable":true,"href":"https:\/\/zjarr.tv\/en\/wp-json\/wp\/v2\/media\/56415"}],"wp:attachment":[{"href":"https:\/\/zjarr.tv\/en\/wp-json\/wp\/v2\/media?parent=87355"}],"wp:term":[{"taxonomy":"category","embeddable":true,"href":"https:\/\/zjarr.tv\/en\/wp-json\/wp\/v2\/categories?post=87355"},{"taxonomy":"post_tag","embeddable":true,"href":"https:\/\/zjarr.tv\/en\/wp-json\/wp\/v2\/tags?post=87355"}],"curies":[{"name":"wp","href":"https:\/\/api.w.org\/{rel}","templated":true}]}}