{"id":87359,"date":"2019-06-02T17:30:51","date_gmt":"2019-06-02T15:30:51","guid":{"rendered":"https:\/\/zjarr.tv\/?p=87359"},"modified":"2019-06-02T17:30:51","modified_gmt":"2019-06-02T15:30:51","slug":"kampi-i-migranteve-ne-bosnje-perfshihet-nga-flaket-29-te-lenduar","status":"publish","type":"post","link":"https:\/\/zjarr.tv\/en\/kampi-i-migranteve-ne-bosnje-perfshihet-nga-flaket-29-te-lenduar\/","title":{"rendered":"Kampi i migrant\u00ebve n\u00eb Bosnje p\u00ebrfshihet nga flak\u00ebt, 29 t\u00eb l\u00ebnduar"},"content":{"rendered":"<p>Nj\u00eb kamp migrant\u00ebsh n\u00eb n\u00eb veri-per\u00ebndim t\u00eb Bosnje e Hercegovin\u00ebs \u00ebsht\u00eb p\u00ebrfshir\u00eb nga flak\u00ebt.<\/p>\n<p>Si pasoj\u00eb e zjarrit 29 persona kan\u00eb mbetur t\u00eb l\u00ebnduar.<\/p>\n<p>Z\u00ebdh\u00ebn\u00ebsi i policis\u00eb rajonale, Ale Siljdedic, tha se t\u00eb l\u00ebnduarit u d\u00ebrguan n\u00eb spitalin e Kladus\u00ebs s\u00eb madhe, pas shp\u00ebrthimit t\u00eb zjarrit n\u00eb kampin Miral, q\u00eb strehon 500 migrant\u00eb.<\/p>\n<p>Rreth 25,000 persona nga Azia dhe Afrika veriore, kan\u00eb hyr\u00eb n\u00eb Bosnje nga Serbia dhe Mali i Zi, vitin e kaluar.<\/p>\n<p>Vet\u00ebm rreth 3,500 nga ta ishin akomoduar n\u00eb qendrat tranzitore, derisa pjesa tjet\u00ebr ka mbetur rrug\u00ebve.<\/p>\n<p>&nbsp;<\/p>","protected":false},"excerpt":{"rendered":"<p>Nj\u00eb kamp migrant\u00ebsh n\u00eb n\u00eb veri-per\u00ebndim t\u00eb Bosnje e Hercegovin\u00ebs \u00ebsht\u00eb p\u00ebrfshir\u00eb nga flak\u00ebt. Si pasoj\u00eb e zjarrit 29 persona kan\u00eb mbetur t\u00eb l\u00ebnduar. Z\u00ebdh\u00ebn\u00ebsi i policis\u00eb rajonale, Ale Siljdedic, tha se t\u00eb l\u00ebnduarit u d\u00ebrguan n\u00eb spitalin e Kladus\u00ebs s\u00eb madhe, pas shp\u00ebrthimit t\u00eb zjarrit n\u00eb kampin Miral, q\u00eb strehon 500 migrant\u00eb. Rreth 25,000 [&hellip;]<\/p>\n","protected":false},"author":2013,"featured_media":87360,"comment_status":"open","ping_status":"closed","sticky":false,"template":"","format":"standard","meta":{"footnotes":""},"categories":[241,2],"tags":[],"class_list":{"0":"post-87359","1":"post","2":"type-post","3":"status-publish","4":"format-standard","5":"has-post-thumbnail","7":"category-aktualitet","8":"category-rajoni"},"_links":{"self":[{"href":"https:\/\/zjarr.tv\/en\/wp-json\/wp\/v2\/posts\/87359","targetHints":{"allow":["GET"]}}],"collection":[{"href":"https:\/\/zjarr.tv\/en\/wp-json\/wp\/v2\/posts"}],"about":[{"href":"https:\/\/zjarr.tv\/en\/wp-json\/wp\/v2\/types\/post"}],"author":[{"embeddable":true,"href":"https:\/\/zjarr.tv\/en\/wp-json\/wp\/v2\/users\/2013"}],"replies":[{"embeddable":true,"href":"https:\/\/zjarr.tv\/en\/wp-json\/wp\/v2\/comments?post=87359"}],"version-history":[{"count":0,"href":"https:\/\/zjarr.tv\/en\/wp-json\/wp\/v2\/posts\/87359\/revisions"}],"wp:featuredmedia":[{"embeddable":true,"href":"https:\/\/zjarr.tv\/en\/wp-json\/wp\/v2\/media\/87360"}],"wp:attachment":[{"href":"https:\/\/zjarr.tv\/en\/wp-json\/wp\/v2\/media?parent=87359"}],"wp:term":[{"taxonomy":"category","embeddable":true,"href":"https:\/\/zjarr.tv\/en\/wp-json\/wp\/v2\/categories?post=87359"},{"taxonomy":"post_tag","embeddable":true,"href":"https:\/\/zjarr.tv\/en\/wp-json\/wp\/v2\/tags?post=87359"}],"curies":[{"name":"wp","href":"https:\/\/api.w.org\/{rel}","templated":true}]}}