{"id":87362,"date":"2019-06-02T21:30:07","date_gmt":"2019-06-02T19:30:07","guid":{"rendered":"https:\/\/zjarr.tv\/?p=87362"},"modified":"2019-06-02T17:32:44","modified_gmt":"2019-06-02T15:32:44","slug":"i-riktheu-te-titulli-partizani-ndan-rruget-me-skender-gegen","status":"publish","type":"post","link":"https:\/\/zjarr.tv\/en\/i-riktheu-te-titulli-partizani-ndan-rruget-me-skender-gegen\/","title":{"rendered":"I riktheu te titulli, Partizani ndan rrug\u00ebt me Sk\u00ebnder Geg\u00ebn"},"content":{"rendered":"<p>Zyrtarizohet gjith\u00e7ka.<\/p>\n<p>Sk\u00ebnder Gega nuk do t\u00eb jet\u00eb trajner i Partizanit p\u00ebr sezonin e ardhsh\u00ebm. Konfirmimi ka ardhur nga faqja zyrtare e klubit kryeqytetas, q\u00eb ka falenderuar pun\u00ebn e pakufinjt\u00eb t\u00eb tropojanit, ku riktheu titullin e munguar prej 26 vitesh n\u00eb vitrin\u00ebn e trofeve.<\/p>\n<p><em>&#8221;\u00a0<\/em>NJOFTIM P\u00cbR MEDIAT<\/p>\n<p>Klubi i Futbollit Partizani, 16 her\u00eb kampion i Shqip\u00ebris\u00eb, falenderon trajnerin Sk\u00ebnder Gega p\u00ebr pun\u00ebn e kryer gjat\u00eb sezonit t\u00eb tij t\u00eb par\u00eb n\u00eb krye ekipit. Trajneri Gega, fal\u00eb kontributit, pun\u00ebs, p\u00ebrkushtimit dhe disiplin\u00ebs \u00a0arriti t\u00eb krijonte nj\u00eb grup triumfues duke fituar respektin e lojtar\u00ebve, stafit, drejtuesve dhe tifoz\u00ebve t\u00eb shumt\u00eb t\u00eb Partizanit. Klubi sakt\u00ebson, se Gega ishte n\u00ebn kontrat\u00eb dhe p\u00ebr sezonin e ardhsh\u00ebm, por p\u00ebr arsyet e tij personale ka vendosur t\u00eb nd\u00ebrpres\u00eb me mirkuptim kontrat\u00ebn me klubin p\u00ebr t\u00eb mos e vijuar pun\u00ebn e tij n\u00eb drejtimin e ekipit. Presidenti Gazment Demi, Drejtori Olsi Rama, si dhe stafi e lojtar\u00ebt d\u00ebshirojn\u00eb t\u00eb fal\u00ebnderojn\u00eb Sk\u00ebnder Geg\u00ebn, i cili pas suksesit si lojtar, dha kontributin e tij q\u00eb trofeu m\u00eb prestigjioz futbollistik n\u00eb Shqip\u00ebri t\u00eb kthehej n\u00eb sht\u00ebpi pas 26 vitesh. Klubi duke fal\u00ebnderuar dhe nj\u00eb her\u00eb \u00a0trajnerin Gega p\u00ebr emocionet dhe performanc\u00ebn e shk\u00eblqyer q\u00eb ekipi rregjistroi n\u00eb drejtim e tij, i uron nj\u00ebkoh\u00ebsisht dhe suksese t\u00eb m\u00ebtejshme n\u00eb jet\u00eb dhe karrier\u00eb.<\/p>","protected":false},"excerpt":{"rendered":"<p>Zyrtarizohet gjith\u00e7ka. Sk\u00ebnder Gega nuk do t\u00eb jet\u00eb trajner i Partizanit p\u00ebr sezonin e ardhsh\u00ebm. Konfirmimi ka ardhur nga faqja zyrtare e klubit kryeqytetas, q\u00eb ka falenderuar pun\u00ebn e pakufinjt\u00eb t\u00eb tropojanit, ku riktheu titullin e munguar prej 26 vitesh n\u00eb vitrin\u00ebn e trofeve. &#8221;\u00a0NJOFTIM P\u00cbR MEDIAT Klubi i Futbollit Partizani, 16 her\u00eb kampion i [&hellip;]<\/p>\n","protected":false},"author":2013,"featured_media":85771,"comment_status":"open","ping_status":"closed","sticky":false,"template":"","format":"standard","meta":{"footnotes":""},"categories":[241,192],"tags":[],"class_list":{"0":"post-87362","1":"post","2":"type-post","3":"status-publish","4":"format-standard","5":"has-post-thumbnail","7":"category-aktualitet","8":"category-sport"},"_links":{"self":[{"href":"https:\/\/zjarr.tv\/en\/wp-json\/wp\/v2\/posts\/87362","targetHints":{"allow":["GET"]}}],"collection":[{"href":"https:\/\/zjarr.tv\/en\/wp-json\/wp\/v2\/posts"}],"about":[{"href":"https:\/\/zjarr.tv\/en\/wp-json\/wp\/v2\/types\/post"}],"author":[{"embeddable":true,"href":"https:\/\/zjarr.tv\/en\/wp-json\/wp\/v2\/users\/2013"}],"replies":[{"embeddable":true,"href":"https:\/\/zjarr.tv\/en\/wp-json\/wp\/v2\/comments?post=87362"}],"version-history":[{"count":0,"href":"https:\/\/zjarr.tv\/en\/wp-json\/wp\/v2\/posts\/87362\/revisions"}],"wp:featuredmedia":[{"embeddable":true,"href":"https:\/\/zjarr.tv\/en\/wp-json\/wp\/v2\/media\/85771"}],"wp:attachment":[{"href":"https:\/\/zjarr.tv\/en\/wp-json\/wp\/v2\/media?parent=87362"}],"wp:term":[{"taxonomy":"category","embeddable":true,"href":"https:\/\/zjarr.tv\/en\/wp-json\/wp\/v2\/categories?post=87362"},{"taxonomy":"post_tag","embeddable":true,"href":"https:\/\/zjarr.tv\/en\/wp-json\/wp\/v2\/tags?post=87362"}],"curies":[{"name":"wp","href":"https:\/\/api.w.org\/{rel}","templated":true}]}}