{"id":87380,"date":"2019-06-02T17:42:48","date_gmt":"2019-06-02T15:42:48","guid":{"rendered":"https:\/\/zjarr.tv\/?p=87380"},"modified":"2019-06-02T17:42:48","modified_gmt":"2019-06-02T15:42:48","slug":"duka-rames-pushteti-smbahet-me-frike-je-shume-prane-humbjes","status":"publish","type":"post","link":"https:\/\/zjarr.tv\/en\/duka-rames-pushteti-smbahet-me-frike-je-shume-prane-humbjes\/","title":{"rendered":"Duka-Ram\u00ebs: Pushteti s&#8217;mbahet me frik\u00eb, je shum\u00eb pran\u00eb humbjes"},"content":{"rendered":"<p>Pak para nisjes s\u00eb protest\u00ebs s\u00eb shtat\u00eb t\u00eb opozit\u00ebs s\u00eb bashkuar dhe nj\u00eb dit\u00eb pas mitingut t\u00eb PS n\u00eb Tiran\u00eb, ku kryeministri Edi Rama k\u00ebrc\u00ebnoi s\u00ebrish me bllokim t\u00eb hyrjes n\u00eb BE dhe SHBA t\u00eb atyre q\u00eb prishin zgjedhjet e 30 qershorit, vjen edhe reagimi i kryetarit t\u00eb Partis\u00eb Agrare Ambjentaliste, Agron Duka.<\/p>\n<p>P\u00ebrmes nj\u00eb postimi n\u00eb rrjetet sociale, Duka shprehet nd\u00ebr t\u00eb tjera se, \u201cpushteti nuk mbahet as me frik\u00eb, as me k\u00ebrc\u00ebnime\u201d.<\/p>\n<p>\u201cKur ata q\u00eb fut\u00ebn kriminel\u00ebt n\u00eb Parlament dhe n\u00eb Bashki k\u00ebrc\u00ebnojn\u00eb qytetar\u00ebt se nuk do t\u2019u lejohet hyrja n\u00eb BE dhe n\u00eb SHBA, kuptojm\u00eb sa hipokrite jan\u00eb k\u00ebto slogane. K\u00ebrkojn\u00eb t\u00eb frik\u00ebsojn\u00eb me burg ata q\u00eb po protestojn\u00eb p\u00ebr mbrojtjen e pluralizmit, por burgun nuk e ka par\u00eb asnj\u00eb prej atyre q\u00eb u kap\u00ebn n\u00eb krim zgjedhor (sikurse e ka pohuar dhe n\u00ebnkryetari i grupit parlamentar CDU\/CSU).<\/p>\n<p>Pushteti nuk mbahet as me frik\u00eb, as me k\u00ebrc\u00ebnime, por kur k\u00ebrkon t\u00eb frik\u00ebsosh dhe t\u00eb k\u00ebrc\u00ebnosh do t\u00eb thot\u00eb se je shum\u00eb pran\u00eb humbjes s\u00eb tij.<\/p>\n<p>N\u00eb or\u00ebn 19:00 t\u00eb gjith\u00eb n\u00eb shesh!\u201d, shkruan Duka n\u00eb mesazhin e tij.<\/p>\n<p>&nbsp;<\/p>","protected":false},"excerpt":{"rendered":"<p>Pak para nisjes s\u00eb protest\u00ebs s\u00eb shtat\u00eb t\u00eb opozit\u00ebs s\u00eb bashkuar dhe nj\u00eb dit\u00eb pas mitingut t\u00eb PS n\u00eb Tiran\u00eb, ku kryeministri Edi Rama k\u00ebrc\u00ebnoi s\u00ebrish me bllokim t\u00eb hyrjes n\u00eb BE dhe SHBA t\u00eb atyre q\u00eb prishin zgjedhjet e 30 qershorit, vjen edhe reagimi i kryetarit t\u00eb Partis\u00eb Agrare Ambjentaliste, Agron Duka. P\u00ebrmes nj\u00eb [&hellip;]<\/p>\n","protected":false},"author":2013,"featured_media":71797,"comment_status":"open","ping_status":"closed","sticky":false,"template":"","format":"standard","meta":{"footnotes":""},"categories":[241,235],"tags":[],"class_list":{"0":"post-87380","1":"post","2":"type-post","3":"status-publish","4":"format-standard","5":"has-post-thumbnail","7":"category-aktualitet","8":"category-vendi"},"_links":{"self":[{"href":"https:\/\/zjarr.tv\/en\/wp-json\/wp\/v2\/posts\/87380","targetHints":{"allow":["GET"]}}],"collection":[{"href":"https:\/\/zjarr.tv\/en\/wp-json\/wp\/v2\/posts"}],"about":[{"href":"https:\/\/zjarr.tv\/en\/wp-json\/wp\/v2\/types\/post"}],"author":[{"embeddable":true,"href":"https:\/\/zjarr.tv\/en\/wp-json\/wp\/v2\/users\/2013"}],"replies":[{"embeddable":true,"href":"https:\/\/zjarr.tv\/en\/wp-json\/wp\/v2\/comments?post=87380"}],"version-history":[{"count":0,"href":"https:\/\/zjarr.tv\/en\/wp-json\/wp\/v2\/posts\/87380\/revisions"}],"wp:featuredmedia":[{"embeddable":true,"href":"https:\/\/zjarr.tv\/en\/wp-json\/wp\/v2\/media\/71797"}],"wp:attachment":[{"href":"https:\/\/zjarr.tv\/en\/wp-json\/wp\/v2\/media?parent=87380"}],"wp:term":[{"taxonomy":"category","embeddable":true,"href":"https:\/\/zjarr.tv\/en\/wp-json\/wp\/v2\/categories?post=87380"},{"taxonomy":"post_tag","embeddable":true,"href":"https:\/\/zjarr.tv\/en\/wp-json\/wp\/v2\/tags?post=87380"}],"curies":[{"name":"wp","href":"https:\/\/api.w.org\/{rel}","templated":true}]}}