{"id":87387,"date":"2019-06-02T17:47:32","date_gmt":"2019-06-02T15:47:32","guid":{"rendered":"https:\/\/zjarr.tv\/?p=87387"},"modified":"2019-06-02T17:47:32","modified_gmt":"2019-06-02T15:47:32","slug":"mobilizohet-opozita-e-bashkuar-mijera-qytetare-drejt-tiranes","status":"publish","type":"post","link":"https:\/\/zjarr.tv\/en\/mobilizohet-opozita-e-bashkuar-mijera-qytetare-drejt-tiranes\/","title":{"rendered":"Mobilizohet opozita e bashkuar, mij\u00ebra qytetar\u00eb drejt Tiran\u00ebs!"},"content":{"rendered":"<p>Dit\u00ebn e sotme n\u00eb or\u00ebn 19:00 opozita e bashkuar me n\u00eb krye PD dhe LSI pritet t\u00eb organizoj\u00eb protest\u00ebn e 7 komb\u00ebtare.<\/p>\n<p>Sipas njoftimeve m\u00eb t\u00eb fundit po grumbullohen p\u00ebr tu nisur me mij\u00ebra protestues drejt Tiran\u00ebs nga t\u00eb gjitha rrethet e vendit.<\/p>\n<p>N\u00eb Shkod\u00ebr kan\u00eb planifikuar t\u00eb nisen drejt kryeqyteteit 3600 veta, t\u00eb thon\u00eb n\u00eb deg\u00ebt e PD dhe LSI.<\/p>\n<p>Kurse nga Vlora, Kor\u00e7a dhe Gjirokastra, sipas organizator\u00ebve, mendohen t\u00eb nisen mbi 10 mij\u00eb veta.<\/p>\n<p>Po k\u00ebshtu dhe nga Tropoja, Kuk\u00ebsi e Saranda kan\u00eb filluar grumbullimet p\u00ebr linjat e planifikuara t\u00eb autobuzave drejt Tiran\u00ebs.<\/p>\n<p>Kjo do t\u00eb jete protesta e 7 komb\u00ebtare e opozit\u00ebs dhe pritet nj\u00eb pjesmarrje masive e qytetar\u00ebve t\u00eb revoltuar ndj qeveris\u00eb Rama.<\/p>\n<p>Ende nuk \u00ebsht\u00eb b\u00ebr\u00eb i ditur skenari i protest\u00ebs, por duhet theksuar se thirrjet e kreut t\u00eb opozit\u00ebs Lulzim Basha p\u00ebr largimin e Ram\u00ebs sa nuk \u00ebsht\u00eb von\u00eb kan\u00eb qen\u00eb t\u00eb shpeshta.<\/p>\n<p>Risjellim n\u00eb v\u00ebmendje se protesta e fundit e opozit\u00ebs mbajtur n\u00eb 25 maj 2019, u zhvillua e qet\u00eb dhe pa akte dhun\u00eb.<\/p>\n<p>Nd\u00ebrkomb\u00ebtar\u00ebt prej disa jav\u00ebsh kan\u00eb b\u00ebr\u00eb thirrje q\u00eb protestat t\u00eb jen\u00eb demokratike dhe qytetart t\u00eb distancohen nga aktet e dhun\u00ebs.<\/p>\n<p>GJithashtu ata i kan\u00eb b\u00ebr\u00eb thirrje kre\u00ebve t\u00eb opozit\u00ebs t\u00eb d\u00ebnojn\u00eb aktet e dhun\u00ebs.<\/p>\n<p>Jo m\u00eb larg se dje Partia Socialiste hapi fushat\u00ebn zgjedhore p\u00ebr zgjedhjet e 30 qershorit, nd\u00ebrsa tashm\u00eb pritet turi n\u00eb \u00e7do qytet p\u00ebr t\u00eb preantuar platform\u00ebn p\u00ebr \u201cBashkia q\u00eb Duam\u201d.<\/p>\n<p>&nbsp;<\/p>","protected":false},"excerpt":{"rendered":"<p>Dit\u00ebn e sotme n\u00eb or\u00ebn 19:00 opozita e bashkuar me n\u00eb krye PD dhe LSI pritet t\u00eb organizoj\u00eb protest\u00ebn e 7 komb\u00ebtare. Sipas njoftimeve m\u00eb t\u00eb fundit po grumbullohen p\u00ebr tu nisur me mij\u00ebra protestues drejt Tiran\u00ebs nga t\u00eb gjitha rrethet e vendit. N\u00eb Shkod\u00ebr kan\u00eb planifikuar t\u00eb nisen drejt kryeqyteteit 3600 veta, t\u00eb thon\u00eb [&hellip;]<\/p>\n","protected":false},"author":2013,"featured_media":87076,"comment_status":"open","ping_status":"closed","sticky":false,"template":"","format":"standard","meta":{"footnotes":""},"categories":[241,235],"tags":[],"class_list":{"0":"post-87387","1":"post","2":"type-post","3":"status-publish","4":"format-standard","5":"has-post-thumbnail","7":"category-aktualitet","8":"category-vendi"},"_links":{"self":[{"href":"https:\/\/zjarr.tv\/en\/wp-json\/wp\/v2\/posts\/87387","targetHints":{"allow":["GET"]}}],"collection":[{"href":"https:\/\/zjarr.tv\/en\/wp-json\/wp\/v2\/posts"}],"about":[{"href":"https:\/\/zjarr.tv\/en\/wp-json\/wp\/v2\/types\/post"}],"author":[{"embeddable":true,"href":"https:\/\/zjarr.tv\/en\/wp-json\/wp\/v2\/users\/2013"}],"replies":[{"embeddable":true,"href":"https:\/\/zjarr.tv\/en\/wp-json\/wp\/v2\/comments?post=87387"}],"version-history":[{"count":0,"href":"https:\/\/zjarr.tv\/en\/wp-json\/wp\/v2\/posts\/87387\/revisions"}],"wp:featuredmedia":[{"embeddable":true,"href":"https:\/\/zjarr.tv\/en\/wp-json\/wp\/v2\/media\/87076"}],"wp:attachment":[{"href":"https:\/\/zjarr.tv\/en\/wp-json\/wp\/v2\/media?parent=87387"}],"wp:term":[{"taxonomy":"category","embeddable":true,"href":"https:\/\/zjarr.tv\/en\/wp-json\/wp\/v2\/categories?post=87387"},{"taxonomy":"post_tag","embeddable":true,"href":"https:\/\/zjarr.tv\/en\/wp-json\/wp\/v2\/tags?post=87387"}],"curies":[{"name":"wp","href":"https:\/\/api.w.org\/{rel}","templated":true}]}}