{"id":87394,"date":"2019-06-02T19:03:19","date_gmt":"2019-06-02T17:03:19","guid":{"rendered":"https:\/\/zjarr.tv\/?p=87394"},"modified":"2019-06-02T19:03:19","modified_gmt":"2019-06-02T17:03:19","slug":"protesta-e-7-te-kombetare-te-opozites-tullumbace-rama-ik-dhe-yjet-e-be-se-para-kryeministrise","status":"publish","type":"post","link":"https:\/\/zjarr.tv\/en\/protesta-e-7-te-kombetare-te-opozites-tullumbace-rama-ik-dhe-yjet-e-be-se-para-kryeministrise\/","title":{"rendered":"Protesta e 7-t\u00eb komb\u00ebtare t\u00eb opozit\u00ebs, tullumbace &#8220;Rama ik&#8221; dhe yjet e BE-s\u00eb para Kryeministris\u00eb"},"content":{"rendered":"<p>Dit\u00ebn e sotme n\u00eb or\u00ebn 19:00 opozita e bashkuar me n\u00eb krye PD dhe LSI pritet t\u00eb organizoj\u00eb protest\u00ebn e 7 komb\u00ebtare. Edhe pse moti nuk duket shum\u00eb bujar me opozit\u00eb, nga rrethet prej or\u00ebve t\u00eb pasdites jan\u00eb nisur protestuesit e par\u00eb drejt kryeqytetit.<\/p>\n<p>Ende nuk \u00ebsht\u00eb b\u00ebr\u00eb i ditur skenari i protest\u00ebs, por duhet theksuar se thirrjet e kreut t\u00eb opozit\u00ebs Lulzim Basha p\u00ebr largimin e Ram\u00ebs sa nuk \u00ebsht\u00eb von\u00eb kan\u00eb qen\u00eb t\u00eb shpeshta. Risjellim n\u00eb v\u00ebmendje se protesta e fundit e opozit\u00ebs mbajtur n\u00eb 25 maj 2019, u zhvillua e qet\u00eb dhe pa akte dhune.<\/p>\n<p>&nbsp;<\/p>","protected":false},"excerpt":{"rendered":"<p>Dit\u00ebn e sotme n\u00eb or\u00ebn 19:00 opozita e bashkuar me n\u00eb krye PD dhe LSI pritet t\u00eb organizoj\u00eb protest\u00ebn e 7 komb\u00ebtare. Edhe pse moti nuk duket shum\u00eb bujar me opozit\u00eb, nga rrethet prej or\u00ebve t\u00eb pasdites jan\u00eb nisur protestuesit e par\u00eb drejt kryeqytetit. Ende nuk \u00ebsht\u00eb b\u00ebr\u00eb i ditur skenari i protest\u00ebs, por duhet [&hellip;]<\/p>\n","protected":false},"author":2013,"featured_media":87395,"comment_status":"open","ping_status":"closed","sticky":false,"template":"","format":"standard","meta":{"footnotes":""},"categories":[241,235],"tags":[],"class_list":{"0":"post-87394","1":"post","2":"type-post","3":"status-publish","4":"format-standard","5":"has-post-thumbnail","7":"category-aktualitet","8":"category-vendi"},"_links":{"self":[{"href":"https:\/\/zjarr.tv\/en\/wp-json\/wp\/v2\/posts\/87394","targetHints":{"allow":["GET"]}}],"collection":[{"href":"https:\/\/zjarr.tv\/en\/wp-json\/wp\/v2\/posts"}],"about":[{"href":"https:\/\/zjarr.tv\/en\/wp-json\/wp\/v2\/types\/post"}],"author":[{"embeddable":true,"href":"https:\/\/zjarr.tv\/en\/wp-json\/wp\/v2\/users\/2013"}],"replies":[{"embeddable":true,"href":"https:\/\/zjarr.tv\/en\/wp-json\/wp\/v2\/comments?post=87394"}],"version-history":[{"count":0,"href":"https:\/\/zjarr.tv\/en\/wp-json\/wp\/v2\/posts\/87394\/revisions"}],"wp:featuredmedia":[{"embeddable":true,"href":"https:\/\/zjarr.tv\/en\/wp-json\/wp\/v2\/media\/87395"}],"wp:attachment":[{"href":"https:\/\/zjarr.tv\/en\/wp-json\/wp\/v2\/media?parent=87394"}],"wp:term":[{"taxonomy":"category","embeddable":true,"href":"https:\/\/zjarr.tv\/en\/wp-json\/wp\/v2\/categories?post=87394"},{"taxonomy":"post_tag","embeddable":true,"href":"https:\/\/zjarr.tv\/en\/wp-json\/wp\/v2\/tags?post=87394"}],"curies":[{"name":"wp","href":"https:\/\/api.w.org\/{rel}","templated":true}]}}