{"id":87398,"date":"2019-06-02T19:04:50","date_gmt":"2019-06-02T17:04:50","guid":{"rendered":"https:\/\/zjarr.tv\/?p=87398"},"modified":"2019-06-02T19:04:50","modified_gmt":"2019-06-02T17:04:50","slug":"rama-nga-lezha-lulit-i-ka-ngelur-ora-se-zemreket-i-ka-saliu","status":"publish","type":"post","link":"https:\/\/zjarr.tv\/en\/rama-nga-lezha-lulit-i-ka-ngelur-ora-se-zemreket-i-ka-saliu\/","title":{"rendered":"Rama nga Lezha: Lulit i ka ngelur ora, se zemrek\u00ebt i ka Saliu"},"content":{"rendered":"<p>Nga Lezha, ku celi fushat\u00ebn p\u00ebr zgjedhjet vendore, kryeministri Edi Rama, nj\u00ebher\u00ebsh kreu i Partis\u00eb Socialiste u shpreh se paniku po con opozit\u00ebn n\u00eb rrug\u00ebn e dhun\u00ebs e jo trim\u00ebria. Nd\u00ebrsa k\u00ebrkoi nga lezhjan\u00ebt t\u00eb shohin se si kan\u00eb rilindur bashkit\u00eb e drejtuara prej socialist\u00ebve dhe krejt e kund\u00ebrta p\u00ebr ato t\u00eb drejtuara nga kund\u00ebrshtar\u00ebt politik\u00eb, Rama akuzoi kryedemokratin Basha, se ashtu si n\u00eb koh\u00ebn kur qeveriste Tiran\u00ebn, ora i ka mbetur n\u00eb vend. Edhe pse nuk donte t\u2019i p\u00ebrmendte emrin, madje u sigurua ta thot\u00eb k\u00ebt\u00eb, Rama tha se Basha vijon ta ket\u00eb or\u00ebn e ngelur, pasi zemrek\u00ebt i ka Saliu.<\/p>\n<p>\u201cPaniku i con n\u00eb rrug\u00ebn e dhun\u00ebs jo trim\u00ebria. Trimat nuk b\u00ebjn\u00eb dhun\u00eb, aq m\u00eb tep\u00ebr n\u00eb nj\u00eb sistem demokratik, ku trim\u00ebria matet me kurajon q\u00eb ke p\u00ebr reforma, q\u00eb sot nuk mb\u00ebshteten nga shum\u00eb njer\u00ebz po jan\u00eb gj\u00ebja e duhur p\u00ebr t\u00eb nes\u00ebrmen e shum\u00eb njer\u00ebz\u00ebve. Ne jemi zgjedhur p\u00ebr t\u00eb udh\u00ebhequr, s\u2019kemi t\u00eb drejt\u00eb t\u00eb ndalojm\u00eb duke i shkuar atyre prapa.<\/p>\n<p>A jemi ne m\u00eb t\u00eb mir\u00ebt? Padiskutim jo, po ku vend padiskutim nuk ka par\u00eb m\u00eb t\u00eb mir\u00eb se n\u00eb. 30 vjet jan\u00eb boll p\u00ebr k\u00ebdo, mjaft t\u00eb ken\u00eb sy n\u00eb ball\u00eb e mend n\u00eb kok\u00eb p\u00ebr t\u00eb par\u00eb historin\u00eb e k\u00ebtyre 30 viteve. Si ka qen\u00eb historia, ata prish e ne rregullo ata b\u00ebj pis e ne pastro. Ata t\u00ebrhiq vendin pas, ne shty sa kemi mundur para. Ata p\u00ebrca e sundo ne mesa kemi mundur mblidh e bashko, ata fut njer\u00ebz n\u00eb piramida, zhyt vendin n\u00eb borxhe, ne laj borxhet e tyre. Ata bam e bum me balt\u00eb e zjarr aq sa, sa her\u00eb shfaqen n\u00eb ekran duhen larguar f\u00ebmij\u00ebt nga televizori, e p\u00ebr fat t\u00eb keq jo gjithmon\u00eb ia kemi dal\u00eb. Kujtoni shprehjen: Po fjete me qenin, gdhihesh me pleshta. Kujtoni pak Tiran\u00ebn n\u00eb t\u00eb dyja koh\u00ebt e tyre. Kur ky q\u00eb ka marr\u00eb rrug\u00ebt drejtonte Tiran\u00ebn, sahati nuk punonte. As at\u00eb nuk e shihte se i kishte ngel ora, e vijon ta ket\u00eb t\u00eb ngelur, se zemrek\u00ebt i ka saliu si ka, e m\u00eb falni q\u00eb i p\u00ebrmenda emrin se s\u2019dua t\u2019i p\u00ebrmend emrin atij. Shikoni Bashkit\u00eb q\u00eb kan\u00eb drejtuar ata, shikoni Shkodr\u00ebn e kan\u00eb qeverisur p\u00ebr 30 vjet, p\u00ebr 4 vjet ne b\u00ebm\u00eb n\u00eb Vlor\u00eb,at\u00eb q\u00eb ata se b\u00ebn\u00eb p\u00ebr Shkodr\u00ebn p\u00ebr 30 vjet. Sepse jan\u00eb dembel\u00eb e t\u00eb paaft\u00eb.<\/p>\n<p>I men\u00e7ur e kok\u00ebderr, i p\u00ebrkushtuar e i vendosur p\u00ebr ti shkuar pun\u00ebve deri n\u00eb fund, por mbi t\u00eb gjitha i lidhur me njer\u00ebzit, me territoret k\u00ebtu. Un\u00eb e di mir\u00eb se cfar\u00eb m\u00eb pret me k\u00ebt\u00eb zot\u00ebri. E di mir\u00eb, vet\u00ebm ankesa dhe k\u00ebrkesa, por asnj\u00ebher\u00eb nj\u00eb ankes\u00eb apo k\u00ebrkes\u00eb personale. Gjithmon\u00eb, ashtu si edhe deputet, ankesa e k\u00ebrkesa p\u00ebr L\u00ebzh\u00ebn. \u201c u shpreh Rama.<\/p>\n<p>&nbsp;<\/p>","protected":false},"excerpt":{"rendered":"<p>Nga Lezha, ku celi fushat\u00ebn p\u00ebr zgjedhjet vendore, kryeministri Edi Rama, nj\u00ebher\u00ebsh kreu i Partis\u00eb Socialiste u shpreh se paniku po con opozit\u00ebn n\u00eb rrug\u00ebn e dhun\u00ebs e jo trim\u00ebria. Nd\u00ebrsa k\u00ebrkoi nga lezhjan\u00ebt t\u00eb shohin se si kan\u00eb rilindur bashkit\u00eb e drejtuara prej socialist\u00ebve dhe krejt e kund\u00ebrta p\u00ebr ato t\u00eb drejtuara nga kund\u00ebrshtar\u00ebt [&hellip;]<\/p>\n","protected":false},"author":2013,"featured_media":87390,"comment_status":"open","ping_status":"closed","sticky":false,"template":"","format":"standard","meta":{"footnotes":""},"categories":[241,235],"tags":[],"class_list":{"0":"post-87398","1":"post","2":"type-post","3":"status-publish","4":"format-standard","5":"has-post-thumbnail","7":"category-aktualitet","8":"category-vendi"},"_links":{"self":[{"href":"https:\/\/zjarr.tv\/en\/wp-json\/wp\/v2\/posts\/87398","targetHints":{"allow":["GET"]}}],"collection":[{"href":"https:\/\/zjarr.tv\/en\/wp-json\/wp\/v2\/posts"}],"about":[{"href":"https:\/\/zjarr.tv\/en\/wp-json\/wp\/v2\/types\/post"}],"author":[{"embeddable":true,"href":"https:\/\/zjarr.tv\/en\/wp-json\/wp\/v2\/users\/2013"}],"replies":[{"embeddable":true,"href":"https:\/\/zjarr.tv\/en\/wp-json\/wp\/v2\/comments?post=87398"}],"version-history":[{"count":0,"href":"https:\/\/zjarr.tv\/en\/wp-json\/wp\/v2\/posts\/87398\/revisions"}],"wp:featuredmedia":[{"embeddable":true,"href":"https:\/\/zjarr.tv\/en\/wp-json\/wp\/v2\/media\/87390"}],"wp:attachment":[{"href":"https:\/\/zjarr.tv\/en\/wp-json\/wp\/v2\/media?parent=87398"}],"wp:term":[{"taxonomy":"category","embeddable":true,"href":"https:\/\/zjarr.tv\/en\/wp-json\/wp\/v2\/categories?post=87398"},{"taxonomy":"post_tag","embeddable":true,"href":"https:\/\/zjarr.tv\/en\/wp-json\/wp\/v2\/tags?post=87398"}],"curies":[{"name":"wp","href":"https:\/\/api.w.org\/{rel}","templated":true}]}}