{"id":87403,"date":"2019-06-02T20:50:09","date_gmt":"2019-06-02T18:50:09","guid":{"rendered":"https:\/\/zjarr.tv\/?p=87403"},"modified":"2019-06-02T19:08:55","modified_gmt":"2019-06-02T17:08:55","slug":"ministri-i-jashtem-i-sllovakise-viziton-te-henen-tiranen","status":"publish","type":"post","link":"https:\/\/zjarr.tv\/en\/ministri-i-jashtem-i-sllovakise-viziton-te-henen-tiranen\/","title":{"rendered":"Ministri i Jasht\u00ebm i Sllovakis\u00eb viziton t\u00eb h\u00ebn\u00ebn Tiran\u00ebn"},"content":{"rendered":"<p>Kryetari i radh\u00ebs s\u00eb OSBE-s\u00eb dhe Ministri i Pun\u00ebve t\u00eb Jashtme dhe Evropiane t\u00eb Republik\u00ebs sllovake, Miroslav Laj\u010d\u00e1k, do t\u00eb vizitoj\u00eb t\u00eb h\u00ebn\u00ebn Shqip\u00ebrin\u00eb.<\/p>\n<p>Ai do t\u00eb pritet n\u00eb ambientet e Ministris\u00eb p\u00ebr Evrop\u00ebn dhe Pun\u00ebt e Jashtme nga homologu shqiptar Gent Cakaj dhe n\u00eb p\u00ebrfundim t\u00eb takimit, n\u00eb or\u00ebn 10:00 do t\u00eb mbajn\u00eb nj\u00eb konferenc\u00eb t\u00eb p\u00ebrbashk\u00ebt p\u00ebr shtyp.<\/p>\n<p>&nbsp;<\/p>","protected":false},"excerpt":{"rendered":"<p>Kryetari i radh\u00ebs s\u00eb OSBE-s\u00eb dhe Ministri i Pun\u00ebve t\u00eb Jashtme dhe Evropiane t\u00eb Republik\u00ebs sllovake, Miroslav Laj\u010d\u00e1k, do t\u00eb vizitoj\u00eb t\u00eb h\u00ebn\u00ebn Shqip\u00ebrin\u00eb. Ai do t\u00eb pritet n\u00eb ambientet e Ministris\u00eb p\u00ebr Evrop\u00ebn dhe Pun\u00ebt e Jashtme nga homologu shqiptar Gent Cakaj dhe n\u00eb p\u00ebrfundim t\u00eb takimit, n\u00eb or\u00ebn 10:00 do t\u00eb mbajn\u00eb nj\u00eb [&hellip;]<\/p>\n","protected":false},"author":2013,"featured_media":87404,"comment_status":"open","ping_status":"closed","sticky":false,"template":"","format":"standard","meta":{"footnotes":""},"categories":[241,235],"tags":[],"class_list":{"0":"post-87403","1":"post","2":"type-post","3":"status-publish","4":"format-standard","5":"has-post-thumbnail","7":"category-aktualitet","8":"category-vendi"},"_links":{"self":[{"href":"https:\/\/zjarr.tv\/en\/wp-json\/wp\/v2\/posts\/87403","targetHints":{"allow":["GET"]}}],"collection":[{"href":"https:\/\/zjarr.tv\/en\/wp-json\/wp\/v2\/posts"}],"about":[{"href":"https:\/\/zjarr.tv\/en\/wp-json\/wp\/v2\/types\/post"}],"author":[{"embeddable":true,"href":"https:\/\/zjarr.tv\/en\/wp-json\/wp\/v2\/users\/2013"}],"replies":[{"embeddable":true,"href":"https:\/\/zjarr.tv\/en\/wp-json\/wp\/v2\/comments?post=87403"}],"version-history":[{"count":0,"href":"https:\/\/zjarr.tv\/en\/wp-json\/wp\/v2\/posts\/87403\/revisions"}],"wp:featuredmedia":[{"embeddable":true,"href":"https:\/\/zjarr.tv\/en\/wp-json\/wp\/v2\/media\/87404"}],"wp:attachment":[{"href":"https:\/\/zjarr.tv\/en\/wp-json\/wp\/v2\/media?parent=87403"}],"wp:term":[{"taxonomy":"category","embeddable":true,"href":"https:\/\/zjarr.tv\/en\/wp-json\/wp\/v2\/categories?post=87403"},{"taxonomy":"post_tag","embeddable":true,"href":"https:\/\/zjarr.tv\/en\/wp-json\/wp\/v2\/tags?post=87403"}],"curies":[{"name":"wp","href":"https:\/\/api.w.org\/{rel}","templated":true}]}}