{"id":87406,"date":"2019-06-02T19:27:52","date_gmt":"2019-06-02T17:27:52","guid":{"rendered":"https:\/\/zjarr.tv\/?p=87406"},"modified":"2019-06-02T19:27:52","modified_gmt":"2019-06-02T17:27:52","slug":"lezha-i-thote-jo-edi-rames-dhe-pjerin-ndreut-ne-miting-vetem-administrata","status":"publish","type":"post","link":"https:\/\/zjarr.tv\/en\/lezha-i-thote-jo-edi-rames-dhe-pjerin-ndreut-ne-miting-vetem-administrata\/","title":{"rendered":"Lezha i thot\u00eb &#8216;Jo&#8217; Edi Ram\u00ebs dhe Pjerin Ndreut, n\u00eb miting vet\u00ebm administrata"},"content":{"rendered":"<p>Edi Rama ka prezantuar n\u00eb Lezh\u00eb, kandidatin p\u00ebr kryetar bashkie, ish deputetin Pjerin Ndreu.<\/p>\n<p>Edhe pes n\u00eb transmetimet live t\u00eb mazhoranc\u00ebs shfaqej nj\u00eb pjes\u00ebmarrje e madhe qytetare, fotoja q\u00eb publikon ish kryeministri Sali Berisha tregon krejt t\u00eb kund\u00ebrt\u00ebn.<\/p>\n<p>&#8216;Lezha i thote nje Jo te madhe Edvin Kristaq Krimit dhe kandidatit te tij, Bandit Policit Ndreu.<\/p>\n<p>Vetem nje grusht rrogtaresh dalin me detyrim ne antifushaten e tij te turpshme! Nderim qytetareve te Lezhes!&#8217;, shkruan ish kryeministri Sali Berisha.<\/p>\n<p>&nbsp;<\/p>","protected":false},"excerpt":{"rendered":"<p>Edi Rama ka prezantuar n\u00eb Lezh\u00eb, kandidatin p\u00ebr kryetar bashkie, ish deputetin Pjerin Ndreu. Edhe pes n\u00eb transmetimet live t\u00eb mazhoranc\u00ebs shfaqej nj\u00eb pjes\u00ebmarrje e madhe qytetare, fotoja q\u00eb publikon ish kryeministri Sali Berisha tregon krejt t\u00eb kund\u00ebrt\u00ebn. &#8216;Lezha i thote nje Jo te madhe Edvin Kristaq Krimit dhe kandidatit te tij, Bandit Policit Ndreu. [&hellip;]<\/p>\n","protected":false},"author":2013,"featured_media":87407,"comment_status":"open","ping_status":"closed","sticky":false,"template":"","format":"standard","meta":{"footnotes":""},"categories":[241,235],"tags":[],"class_list":{"0":"post-87406","1":"post","2":"type-post","3":"status-publish","4":"format-standard","5":"has-post-thumbnail","7":"category-aktualitet","8":"category-vendi"},"_links":{"self":[{"href":"https:\/\/zjarr.tv\/en\/wp-json\/wp\/v2\/posts\/87406","targetHints":{"allow":["GET"]}}],"collection":[{"href":"https:\/\/zjarr.tv\/en\/wp-json\/wp\/v2\/posts"}],"about":[{"href":"https:\/\/zjarr.tv\/en\/wp-json\/wp\/v2\/types\/post"}],"author":[{"embeddable":true,"href":"https:\/\/zjarr.tv\/en\/wp-json\/wp\/v2\/users\/2013"}],"replies":[{"embeddable":true,"href":"https:\/\/zjarr.tv\/en\/wp-json\/wp\/v2\/comments?post=87406"}],"version-history":[{"count":0,"href":"https:\/\/zjarr.tv\/en\/wp-json\/wp\/v2\/posts\/87406\/revisions"}],"wp:featuredmedia":[{"embeddable":true,"href":"https:\/\/zjarr.tv\/en\/wp-json\/wp\/v2\/media\/87407"}],"wp:attachment":[{"href":"https:\/\/zjarr.tv\/en\/wp-json\/wp\/v2\/media?parent=87406"}],"wp:term":[{"taxonomy":"category","embeddable":true,"href":"https:\/\/zjarr.tv\/en\/wp-json\/wp\/v2\/categories?post=87406"},{"taxonomy":"post_tag","embeddable":true,"href":"https:\/\/zjarr.tv\/en\/wp-json\/wp\/v2\/tags?post=87406"}],"curies":[{"name":"wp","href":"https:\/\/api.w.org\/{rel}","templated":true}]}}