{"id":87409,"date":"2019-06-02T19:31:28","date_gmt":"2019-06-02T17:31:28","guid":{"rendered":"https:\/\/zjarr.tv\/?p=87409"},"modified":"2019-06-02T19:31:28","modified_gmt":"2019-06-02T17:31:28","slug":"zeri-i-amerikes-transmeton-live-protesten-e-madhe-te-opozites-ne-bulevard","status":"publish","type":"post","link":"https:\/\/zjarr.tv\/en\/zeri-i-amerikes-transmeton-live-protesten-e-madhe-te-opozites-ne-bulevard\/","title":{"rendered":"Z\u00ebri i Amerik\u00ebs\u2019 transmeton live protest\u00ebn e madhe t\u00eb Opozit\u00ebs n\u00eb Bulevard"},"content":{"rendered":"<p>Protesta e madhe e Opozit\u00ebs q\u00eb po mbahet n\u00eb k\u00ebto momente n\u00eb Bulevardin D\u00ebshmor\u00ebt e Kombit po transmetohet live edhe nga media m\u00eb t\u00eb prestigjoze nd\u00ebrkomb\u00ebtare.<\/p>\n<p>Nj\u00eb nga k\u00ebto media e cila ka qen\u00eb e pranishme edhe n\u00eb transmetimet live t\u00eb m\u00ebparshme t\u00eb protestave t\u00eb Opozit\u00ebs, \u00ebsht\u00eb edhe \u201cZ\u00ebri i Amerik\u00ebs\u201d<\/p>\n<p>Q\u00eb nga fillimi i protestave n\u00eb muajin shkurt, protesta e Opozit\u00ebs n\u00eb Shqip\u00ebri ka marr\u00eb v\u00ebmendjen e mediave kryesore n\u00eb bot\u00eb, t\u00eb cilat i kan\u00eb dh\u00ebn\u00eb nj\u00eb jehon\u00eb t\u00eb gjer\u00eb zhvillimeve n\u00eb vend.<\/p>\n<p>&nbsp;<\/p>","protected":false},"excerpt":{"rendered":"<p>Protesta e madhe e Opozit\u00ebs q\u00eb po mbahet n\u00eb k\u00ebto momente n\u00eb Bulevardin D\u00ebshmor\u00ebt e Kombit po transmetohet live edhe nga media m\u00eb t\u00eb prestigjoze nd\u00ebrkomb\u00ebtare. Nj\u00eb nga k\u00ebto media e cila ka qen\u00eb e pranishme edhe n\u00eb transmetimet live t\u00eb m\u00ebparshme t\u00eb protestave t\u00eb Opozit\u00ebs, \u00ebsht\u00eb edhe \u201cZ\u00ebri i Amerik\u00ebs\u201d Q\u00eb nga fillimi i [&hellip;]<\/p>\n","protected":false},"author":2013,"featured_media":87410,"comment_status":"open","ping_status":"closed","sticky":false,"template":"","format":"standard","meta":{"footnotes":""},"categories":[241,235],"tags":[],"class_list":{"0":"post-87409","1":"post","2":"type-post","3":"status-publish","4":"format-standard","5":"has-post-thumbnail","7":"category-aktualitet","8":"category-vendi"},"_links":{"self":[{"href":"https:\/\/zjarr.tv\/en\/wp-json\/wp\/v2\/posts\/87409","targetHints":{"allow":["GET"]}}],"collection":[{"href":"https:\/\/zjarr.tv\/en\/wp-json\/wp\/v2\/posts"}],"about":[{"href":"https:\/\/zjarr.tv\/en\/wp-json\/wp\/v2\/types\/post"}],"author":[{"embeddable":true,"href":"https:\/\/zjarr.tv\/en\/wp-json\/wp\/v2\/users\/2013"}],"replies":[{"embeddable":true,"href":"https:\/\/zjarr.tv\/en\/wp-json\/wp\/v2\/comments?post=87409"}],"version-history":[{"count":0,"href":"https:\/\/zjarr.tv\/en\/wp-json\/wp\/v2\/posts\/87409\/revisions"}],"wp:featuredmedia":[{"embeddable":true,"href":"https:\/\/zjarr.tv\/en\/wp-json\/wp\/v2\/media\/87410"}],"wp:attachment":[{"href":"https:\/\/zjarr.tv\/en\/wp-json\/wp\/v2\/media?parent=87409"}],"wp:term":[{"taxonomy":"category","embeddable":true,"href":"https:\/\/zjarr.tv\/en\/wp-json\/wp\/v2\/categories?post=87409"},{"taxonomy":"post_tag","embeddable":true,"href":"https:\/\/zjarr.tv\/en\/wp-json\/wp\/v2\/tags?post=87409"}],"curies":[{"name":"wp","href":"https:\/\/api.w.org\/{rel}","templated":true}]}}