{"id":87419,"date":"2019-06-03T11:40:54","date_gmt":"2019-06-03T09:40:54","guid":{"rendered":"https:\/\/zjarr.tv\/?p=87419"},"modified":"2019-06-03T11:40:54","modified_gmt":"2019-06-03T09:40:54","slug":"rashe-ne-toke-spashe-gjeprotestuesi-flet-nga-spitali","status":"publish","type":"post","link":"https:\/\/zjarr.tv\/en\/rashe-ne-toke-spashe-gjeprotestuesi-flet-nga-spitali\/","title":{"rendered":"\u201cRash\u00eb n\u00eb tok\u00eb, s\u2019pash\u00eb gj\u00eb\u201d,protestuesi flet nga spitali"},"content":{"rendered":"<p>Ened Bostani, 29 vje\u00e7 nga Fieri \u00ebsht\u00eb nj\u00eb prej t\u00eb plagosurve n\u00eb protest\u00ebn e djeshme t\u00eb opozit\u00ebs. I riu me plag\u00eb n\u00eb krah\u00eb e k\u00ebmb\u00eb nuk di t\u00eb faj\u00ebsoj\u00eb p\u00ebr at\u00eb q\u00eb i ka ndodhur, pasi ka r\u00ebn\u00eb pa ndjenja n\u00eb tok\u00eb.<\/p>\n<div id=\"sticky-video--placeholder\">\n<p>\u201cIsha duke filmuar protestuesit me telefon te hyrja e Parlamentit. Isha me kurriz nga policia dhe aty rash\u00eb n\u00eb tok\u00eb, nuk pash\u00eb m\u00eb gj\u00eb\u201d,- thot\u00eb ai nga shtrati i spitalit.<\/p>\n<p>Nd\u00ebrsa tregon se ka marr\u00eb ndihm\u00ebn e par\u00eb n\u00eb spital, i riu vijon rr\u00ebfimin: \u201cN\u00eb k\u00ebmb\u00eb kam marr\u00eb pjes\u00eb metalike q\u00eb mi fsheh\u00ebn n\u00eb spital\u201d.<\/p>\n<p>Por pavar\u00ebsisht k\u00ebsaj q\u00eb i ka ndodhur, ai thot\u00eb se do marr\u00eb s\u00ebrish pjes\u00eb n\u00eb protestat e opozit\u00ebs. \u201cEdhe sikur me paterica t\u00eb jem, prap\u00eb n\u00eb protest\u00eb do shkoj. Kam qen\u00eb emigrant dhe jam kthyer, tashm\u00eb jam emigrant n\u00eb shtetin tim\u201d,- shton i riu.<\/p>\n<p><a href=\"https:\/\/zjarr.tv\/wp-content\/uploads\/2019\/06\/3-4-1.jpg\"><img loading=\"lazy\" decoding=\"async\" class=\"alignnone size-full wp-image-87421\" src=\"https:\/\/zjarr.tv\/wp-content\/uploads\/2019\/06\/3-4-1.jpg\" alt=\"\" width=\"540\" height=\"960\" \/><\/a><\/p>\n<\/div>","protected":false},"excerpt":{"rendered":"<p>Ened Bostani, 29 vje\u00e7 nga Fieri \u00ebsht\u00eb nj\u00eb prej t\u00eb plagosurve n\u00eb protest\u00ebn e djeshme t\u00eb opozit\u00ebs. I riu me plag\u00eb n\u00eb krah\u00eb e k\u00ebmb\u00eb nuk di t\u00eb faj\u00ebsoj\u00eb p\u00ebr at\u00eb q\u00eb i ka ndodhur, pasi ka r\u00ebn\u00eb pa ndjenja n\u00eb tok\u00eb. \u201cIsha duke filmuar protestuesit me telefon te hyrja e Parlamentit. Isha me kurriz [&hellip;]<\/p>\n","protected":false},"author":4,"featured_media":87420,"comment_status":"open","ping_status":"closed","sticky":false,"template":"","format":"standard","meta":{"footnotes":""},"categories":[241,231,235],"tags":[],"class_list":{"0":"post-87419","1":"post","2":"type-post","3":"status-publish","4":"format-standard","5":"has-post-thumbnail","7":"category-aktualitet","8":"category-lajme","9":"category-vendi"},"_links":{"self":[{"href":"https:\/\/zjarr.tv\/en\/wp-json\/wp\/v2\/posts\/87419","targetHints":{"allow":["GET"]}}],"collection":[{"href":"https:\/\/zjarr.tv\/en\/wp-json\/wp\/v2\/posts"}],"about":[{"href":"https:\/\/zjarr.tv\/en\/wp-json\/wp\/v2\/types\/post"}],"author":[{"embeddable":true,"href":"https:\/\/zjarr.tv\/en\/wp-json\/wp\/v2\/users\/4"}],"replies":[{"embeddable":true,"href":"https:\/\/zjarr.tv\/en\/wp-json\/wp\/v2\/comments?post=87419"}],"version-history":[{"count":0,"href":"https:\/\/zjarr.tv\/en\/wp-json\/wp\/v2\/posts\/87419\/revisions"}],"wp:featuredmedia":[{"embeddable":true,"href":"https:\/\/zjarr.tv\/en\/wp-json\/wp\/v2\/media\/87420"}],"wp:attachment":[{"href":"https:\/\/zjarr.tv\/en\/wp-json\/wp\/v2\/media?parent=87419"}],"wp:term":[{"taxonomy":"category","embeddable":true,"href":"https:\/\/zjarr.tv\/en\/wp-json\/wp\/v2\/categories?post=87419"},{"taxonomy":"post_tag","embeddable":true,"href":"https:\/\/zjarr.tv\/en\/wp-json\/wp\/v2\/tags?post=87419"}],"curies":[{"name":"wp","href":"https:\/\/api.w.org\/{rel}","templated":true}]}}