{"id":87423,"date":"2019-06-03T11:42:45","date_gmt":"2019-06-03T09:42:45","guid":{"rendered":"https:\/\/zjarr.tv\/?p=87423"},"modified":"2019-06-03T11:42:45","modified_gmt":"2019-06-03T09:42:45","slug":"lajcak-ne-tirane-protestat-e-dhunshme-demtojne-shqiperine","status":"publish","type":"post","link":"https:\/\/zjarr.tv\/en\/lajcak-ne-tirane-protestat-e-dhunshme-demtojne-shqiperine\/","title":{"rendered":"Laj\u010d\u00e1k n\u00eb Tiran\u00eb: Protestat e dhunshme d\u00ebmtojn\u00eb Shqip\u00ebrin\u00eb"},"content":{"rendered":"<p>Ministri i Pun\u00ebve t\u00eb Jashtme dhe Europiane t\u00eb Republik\u00ebs Sllovake, Miroslav Laj\u010d\u00e1k, nj\u00ebher\u00ebsh kryetar i radh\u00ebs i OSBE, ndodhet p\u00ebr nj\u00eb vizit\u00eb zyrtare n\u00eb vendin ton\u00eb. N\u00eb konferenc\u00ebn e p\u00ebrbashk\u00ebt p\u00ebr mediat me ministrin n\u00eb detyr\u00eb Gent Cakaj, Laj\u010d\u00e1k komentoi edhe protest\u00ebn e 7 komb\u00ebtare t\u00eb opozit\u00ebs s\u00eb bashkuar mbajtur dit\u00ebn e djeshme.<\/p>\n<p>P\u00ebr Laj\u010d\u00e1k, institucionet e forta me nj\u00eb parlament efikas jan\u00eb gur\u00ebt themelor\u00eb t\u00eb demokracis\u00eb dhe jan\u00eb t\u00eb qen\u00ebsish\u00ebm p\u00ebr stabilitetin e shtetit ligjor, ndaj edhe nxit aktor\u00ebt politik t\u00eb angazhohen n\u00eb forcimin e k\u00ebtyre institucioneve. Zyrtari i lart\u00eb i OSBE, theksoi se m\u00eb tej se vazhdimi i protestave t\u00eb dhunshme do t\u00eb d\u00ebmtoj\u00eb p\u00ebrpjekjet e Shqip\u00ebris\u00eb p\u00ebr reforma.<\/p>\n<p>\u201cD\u00ebshiroj t\u00eb theksoj se institucionet e forta me nj\u00eb parlament efikas jan\u00eb gur\u00ebt themelor\u00eb t\u00eb demokracis\u00eb dhe jan\u00eb t\u00eb qen\u00ebsish\u00ebm p\u00ebr stabilitetin e shtetit ligjor. Nxis aktor\u00ebt politik t\u00eb angazhohen n\u00eb forcimin e k\u00ebtyre institucioneve. Protestat paq\u00ebsore jan\u00eb nj\u00eb e drejt\u00eb themelore q\u00eb duhen respektuar. Dallimet duhet t\u00eb debatohen n\u00eb Parlament nga t\u00eb gjith\u00eb p\u00ebrfaq\u00ebsuesit p\u00ebrfshir\u00eb dhe opozit\u00ebn.<\/p>\n<p>Trazirat nuk duhet t\u00eb z\u00ebvend\u00ebsojn\u00eb angazhimin demokratik, p\u00ebrkundrazi ato heqin \u00e7do shans p\u00ebr dialog dhe \u00e7do shans p\u00ebr t\u00eb gjetur nj\u00eb terren t\u00eb p\u00ebrbashk\u00ebt. Dua t\u00eb them hapur se vazhdimi i protestave t\u00eb dhunshme do t\u00eb d\u00ebmtoj\u00eb p\u00ebrpjekjet e Shqip\u00ebris\u00eb p\u00ebr reforma dhe padyshim do t\u00eb pengoj\u00eb p\u00ebr realizimin e p\u00ebrpar\u00ebsive t\u00eb brendshme dhe nd\u00ebrkomb\u00ebtare.\u201d<\/p>","protected":false},"excerpt":{"rendered":"<p>Ministri i Pun\u00ebve t\u00eb Jashtme dhe Europiane t\u00eb Republik\u00ebs Sllovake, Miroslav Laj\u010d\u00e1k, nj\u00ebher\u00ebsh kryetar i radh\u00ebs i OSBE, ndodhet p\u00ebr nj\u00eb vizit\u00eb zyrtare n\u00eb vendin ton\u00eb. N\u00eb konferenc\u00ebn e p\u00ebrbashk\u00ebt p\u00ebr mediat me ministrin n\u00eb detyr\u00eb Gent Cakaj, Laj\u010d\u00e1k komentoi edhe protest\u00ebn e 7 komb\u00ebtare t\u00eb opozit\u00ebs s\u00eb bashkuar mbajtur dit\u00ebn e djeshme. P\u00ebr Laj\u010d\u00e1k, [&hellip;]<\/p>\n","protected":false},"author":4,"featured_media":87425,"comment_status":"open","ping_status":"closed","sticky":false,"template":"","format":"standard","meta":{"footnotes":""},"categories":[241,231,235],"tags":[],"class_list":{"0":"post-87423","1":"post","2":"type-post","3":"status-publish","4":"format-standard","5":"has-post-thumbnail","7":"category-aktualitet","8":"category-lajme","9":"category-vendi"},"_links":{"self":[{"href":"https:\/\/zjarr.tv\/en\/wp-json\/wp\/v2\/posts\/87423","targetHints":{"allow":["GET"]}}],"collection":[{"href":"https:\/\/zjarr.tv\/en\/wp-json\/wp\/v2\/posts"}],"about":[{"href":"https:\/\/zjarr.tv\/en\/wp-json\/wp\/v2\/types\/post"}],"author":[{"embeddable":true,"href":"https:\/\/zjarr.tv\/en\/wp-json\/wp\/v2\/users\/4"}],"replies":[{"embeddable":true,"href":"https:\/\/zjarr.tv\/en\/wp-json\/wp\/v2\/comments?post=87423"}],"version-history":[{"count":0,"href":"https:\/\/zjarr.tv\/en\/wp-json\/wp\/v2\/posts\/87423\/revisions"}],"wp:featuredmedia":[{"embeddable":true,"href":"https:\/\/zjarr.tv\/en\/wp-json\/wp\/v2\/media\/87425"}],"wp:attachment":[{"href":"https:\/\/zjarr.tv\/en\/wp-json\/wp\/v2\/media?parent=87423"}],"wp:term":[{"taxonomy":"category","embeddable":true,"href":"https:\/\/zjarr.tv\/en\/wp-json\/wp\/v2\/categories?post=87423"},{"taxonomy":"post_tag","embeddable":true,"href":"https:\/\/zjarr.tv\/en\/wp-json\/wp\/v2\/tags?post=87423"}],"curies":[{"name":"wp","href":"https:\/\/api.w.org\/{rel}","templated":true}]}}