{"id":87429,"date":"2019-06-03T11:46:35","date_gmt":"2019-06-03T09:46:35","guid":{"rendered":"https:\/\/zjarr.tv\/?p=87429"},"modified":"2019-06-03T11:46:35","modified_gmt":"2019-06-03T09:46:35","slug":"u-arratisen-nga-burgu-ne-greqi-kush-jane-2-prej-shqiptareve","status":"publish","type":"post","link":"https:\/\/zjarr.tv\/en\/u-arratisen-nga-burgu-ne-greqi-kush-jane-2-prej-shqiptareve\/","title":{"rendered":"U arratis\u00ebn nga burgu n\u00eb Greqi, kush jan\u00eb 2 prej shqiptar\u00ebve"},"content":{"rendered":"<p>4 t\u00eb d\u00ebnuar shqiptar\u00eb t\u00eb vendosur p\u00ebrkoh\u00ebsisht n\u00eb burgun e transferimit Petro Rali n\u00eb Athin\u00eb, pasi pak dit\u00eb m\u00eb par\u00eb ishin implikuar n\u00eb dhun\u00eb n\u00eb burgun Koridhalos, u arratis\u00ebn sot ndaj t\u00eb gdhir\u00eb. Ngjarja ndodhi si n\u00eb nj\u00eb film, teksa t\u00eb d\u00ebnuarit kan\u00eb thirrur rojet p\u00ebr ndihm\u00eb kur nj\u00eb prej tyre u shtri n\u00eb shesh dhe b\u00ebnte t\u00eb s\u00ebmurin. Sapo rojet hyn\u00eb n\u00eb qeli, i k\u00ebrc\u00ebnuan me thik\u00eb t\u00eb improvizuar, iu mor\u00ebn arm\u00ebt dhe celular\u00ebt dhe i mbyll\u00ebn brenda.<\/p>\n<p>M\u00eb pas zbrit\u00ebn n\u00eb katin e par\u00eb, ku k\u00ebrc\u00ebnuan nj\u00eb tjet\u00ebr polic q\u00eb ndodhej n\u00eb makin\u00ebn e transferimit, mor\u00ebn makin\u00ebn dhe u drejtuan n\u00eb hyrjen e burgut ku p\u00ebrs\u00ebri k\u00ebrc\u00ebnuan me arm\u00eb rojen. B\u00ebhet e ditur se t\u00eb arratisurit mor\u00ebn arm\u00eb t\u00eb cilat u p\u00ebrdor\u00ebn n\u00eb shk\u00ebmbim zjarri, pa t\u00eb plagosur. T\u00eb arratisurit braktis\u00ebn makin\u00ebn e policis\u00eb pak metra larg burgut dhe u larguan n\u00eb drejtim t\u00eb panjohur.<\/p>\n<p>N\u00eb operacionin masiv policor p\u00ebrdoren dhe helikopter\u00eb q\u00eb mbulojn\u00eb nga or\u00ebt e para t\u00eb.m\u00ebngjesit gjith\u00eb Athin\u00ebn. Gazetarja jon\u00eb n\u00eb Athin\u00eb Ira Londo na informoi se rreth or\u00ebs 10.00 policia arrestoi nj\u00ebrin prej tyre, nd\u00ebrsa arriti t\u00eb identifikoj\u00eb 2 prej t\u00eb arratisurve q\u00eb jan\u00eb Endrit Canaj e Xhelo Hasani.<\/p>\n<p>Mediat greke zougla.gr publikon fotot e dy prej shqiptar\u00ebve t\u00eb arratisur sot, gjat\u00eb or\u00ebve t\u00eb para t\u00eb m\u00ebngjesit n\u00eb burgjet e Greqis\u00eb.<\/p>\n<p>&nbsp;<\/p>\n<p>&nbsp;<\/p>","protected":false},"excerpt":{"rendered":"<p>4 t\u00eb d\u00ebnuar shqiptar\u00eb t\u00eb vendosur p\u00ebrkoh\u00ebsisht n\u00eb burgun e transferimit Petro Rali n\u00eb Athin\u00eb, pasi pak dit\u00eb m\u00eb par\u00eb ishin implikuar n\u00eb dhun\u00eb n\u00eb burgun Koridhalos, u arratis\u00ebn sot ndaj t\u00eb gdhir\u00eb. Ngjarja ndodhi si n\u00eb nj\u00eb film, teksa t\u00eb d\u00ebnuarit kan\u00eb thirrur rojet p\u00ebr ndihm\u00eb kur nj\u00eb prej tyre u shtri n\u00eb shesh [&hellip;]<\/p>\n","protected":false},"author":4,"featured_media":87430,"comment_status":"open","ping_status":"closed","sticky":false,"template":"","format":"standard","meta":{"footnotes":""},"categories":[241,231,235],"tags":[],"class_list":{"0":"post-87429","1":"post","2":"type-post","3":"status-publish","4":"format-standard","5":"has-post-thumbnail","7":"category-aktualitet","8":"category-lajme","9":"category-vendi"},"_links":{"self":[{"href":"https:\/\/zjarr.tv\/en\/wp-json\/wp\/v2\/posts\/87429","targetHints":{"allow":["GET"]}}],"collection":[{"href":"https:\/\/zjarr.tv\/en\/wp-json\/wp\/v2\/posts"}],"about":[{"href":"https:\/\/zjarr.tv\/en\/wp-json\/wp\/v2\/types\/post"}],"author":[{"embeddable":true,"href":"https:\/\/zjarr.tv\/en\/wp-json\/wp\/v2\/users\/4"}],"replies":[{"embeddable":true,"href":"https:\/\/zjarr.tv\/en\/wp-json\/wp\/v2\/comments?post=87429"}],"version-history":[{"count":0,"href":"https:\/\/zjarr.tv\/en\/wp-json\/wp\/v2\/posts\/87429\/revisions"}],"wp:featuredmedia":[{"embeddable":true,"href":"https:\/\/zjarr.tv\/en\/wp-json\/wp\/v2\/media\/87430"}],"wp:attachment":[{"href":"https:\/\/zjarr.tv\/en\/wp-json\/wp\/v2\/media?parent=87429"}],"wp:term":[{"taxonomy":"category","embeddable":true,"href":"https:\/\/zjarr.tv\/en\/wp-json\/wp\/v2\/categories?post=87429"},{"taxonomy":"post_tag","embeddable":true,"href":"https:\/\/zjarr.tv\/en\/wp-json\/wp\/v2\/tags?post=87429"}],"curies":[{"name":"wp","href":"https:\/\/api.w.org\/{rel}","templated":true}]}}