{"id":87432,"date":"2019-06-03T11:52:24","date_gmt":"2019-06-03T09:52:24","guid":{"rendered":"https:\/\/zjarr.tv\/?p=87432"},"modified":"2019-06-03T11:52:24","modified_gmt":"2019-06-03T09:52:24","slug":"basha-shkruan-per-protesten-8-qershorit-ja-cfare-paralajmeron","status":"publish","type":"post","link":"https:\/\/zjarr.tv\/en\/basha-shkruan-per-protesten-8-qershorit-ja-cfare-paralajmeron\/","title":{"rendered":"Basha shkruan p\u00ebr protest\u00ebn 8 qershorit, ja \u00e7far\u00eb paralajm\u00ebron"},"content":{"rendered":"<p style=\"line-height: 24.0pt;margin: 0in 0in 22.5pt 0in\"><span style=\"font-size: 15.0pt;color: #18191a\">Kreu demokrat Lulzim Basha p\u00ebrmes nj\u00eb statusi n\u00eb \u201cFacebook\u201d shkruan se data 8 qershor \u00ebsht\u00eb dita e p\u00ebrbashkimit t\u00eb shqiptar\u00ebve t\u00eb tradhtuar, p\u00ebr t\u00eb larguar shkaktarin e situat\u00ebs, duke n\u00ebnkuptuar Edi Ram\u00ebn.<\/span><\/p>\n<p style=\"line-height: 24.0pt;text-align: start;margin: 0in 0in 22.5pt 0in\"><span style=\"font-size: 15.0pt;color: #18191a\">Basha thot\u00eb se opozita mbetet e vendosur p\u00ebr qeveri tranzitore dhe zgjedhje t\u00eb lira. Ai ka postuar edhe nj\u00eb album fotografish nga potesta e fundit e madhe opozitare.<\/span><\/p>\n<p style=\"margin: 0in;margin-bottom: .0001pt;line-height: 24.0pt\"><strong><span style=\"font-size: 15.0pt;color: #18191a\">Statusi i Bash\u00ebs:<\/span><\/strong><\/p>\n<p style=\"line-height: 24.0pt;text-align: start;margin: 0in 0in 22.5pt 0in\"><span style=\"font-size: 15.0pt;color: #18191a\">Bashkimi popullor i 2 Qershorit \u00ebsht\u00eb asambleja m\u00eb madh\u00ebshtore e shqiptar\u00ebve europian\u00eb, t\u00eb vjedhur, t\u00eb dhunuar e t\u00eb tradh\u00ebtuar, q\u00eb k\u00ebrkojn\u00eb zgjidhjen e kriz\u00ebs me largimin e shkaktarit t\u00eb saj, qeveri tranzitore dhe zgjedhje t\u00eb lira.<\/span><\/p>\n<p style=\"line-height: 24.0pt;text-align: start;margin: 0in 0in 22.5pt 0in\"><span style=\"font-size: 15.0pt;color: #18191a\">  Un\u00eb e di q\u00eb \u00e7do shqiptar lufton t\u00eb ket\u00eb t\u00eb nj\u00ebjtat t\u00eb drejta si \u00e7do qytetar europian. Ne nuk k\u00ebrkojm\u00eb asgj\u00eb m\u00eb shum\u00eb, por nuk do t\u00eb pranojm\u00eb asgj\u00eb m\u00eb pak p\u00ebr veten se vlerat q\u00eb na bashkojn\u00eb: demokraci, shtet ligjor dhe drejt\u00ebsi t\u00eb barabart\u00eb p\u00ebr t\u00eb gjith\u00eb.<\/span><\/p>\n<p style=\"line-height: 24.0pt;text-align: start;margin: 0in 0in 22.5pt 0in\"><span style=\"font-size: 15.0pt;color: #18191a\">Ne nuk hedhim asnj\u00eb hap pas!<\/span><\/p>\n<p style=\"line-height: 24.0pt;text-align: start;margin: 0in 0in 22.5pt 0in\"><span style=\"font-size: 15.0pt;color: #18191a\">#8Qershor #Shqip\u00ebriasiEuropa<\/span><\/p>\n<h2><span style=\"font-size: 12.0pt;color: black\">\u00a0<\/span><\/h2>","protected":false},"excerpt":{"rendered":"<p>Kreu demokrat Lulzim Basha p\u00ebrmes nj\u00eb statusi n\u00eb \u201cFacebook\u201d shkruan se data 8 qershor \u00ebsht\u00eb dita e p\u00ebrbashkimit t\u00eb shqiptar\u00ebve t\u00eb tradhtuar, p\u00ebr t\u00eb larguar shkaktarin e situat\u00ebs, duke n\u00ebnkuptuar Edi Ram\u00ebn. Basha thot\u00eb se opozita mbetet e vendosur p\u00ebr qeveri tranzitore dhe zgjedhje t\u00eb lira. Ai ka postuar edhe nj\u00eb album fotografish nga potesta [&hellip;]<\/p>\n","protected":false},"author":4,"featured_media":87435,"comment_status":"open","ping_status":"closed","sticky":false,"template":"","format":"standard","meta":{"footnotes":""},"categories":[241,231,235],"tags":[],"class_list":{"0":"post-87432","1":"post","2":"type-post","3":"status-publish","4":"format-standard","5":"has-post-thumbnail","7":"category-aktualitet","8":"category-lajme","9":"category-vendi"},"_links":{"self":[{"href":"https:\/\/zjarr.tv\/en\/wp-json\/wp\/v2\/posts\/87432","targetHints":{"allow":["GET"]}}],"collection":[{"href":"https:\/\/zjarr.tv\/en\/wp-json\/wp\/v2\/posts"}],"about":[{"href":"https:\/\/zjarr.tv\/en\/wp-json\/wp\/v2\/types\/post"}],"author":[{"embeddable":true,"href":"https:\/\/zjarr.tv\/en\/wp-json\/wp\/v2\/users\/4"}],"replies":[{"embeddable":true,"href":"https:\/\/zjarr.tv\/en\/wp-json\/wp\/v2\/comments?post=87432"}],"version-history":[{"count":0,"href":"https:\/\/zjarr.tv\/en\/wp-json\/wp\/v2\/posts\/87432\/revisions"}],"wp:featuredmedia":[{"embeddable":true,"href":"https:\/\/zjarr.tv\/en\/wp-json\/wp\/v2\/media\/87435"}],"wp:attachment":[{"href":"https:\/\/zjarr.tv\/en\/wp-json\/wp\/v2\/media?parent=87432"}],"wp:term":[{"taxonomy":"category","embeddable":true,"href":"https:\/\/zjarr.tv\/en\/wp-json\/wp\/v2\/categories?post=87432"},{"taxonomy":"post_tag","embeddable":true,"href":"https:\/\/zjarr.tv\/en\/wp-json\/wp\/v2\/tags?post=87432"}],"curies":[{"name":"wp","href":"https:\/\/api.w.org\/{rel}","templated":true}]}}