{"id":87440,"date":"2019-06-03T11:59:56","date_gmt":"2019-06-03T09:59:56","guid":{"rendered":"https:\/\/zjarr.tv\/?p=87440"},"modified":"2019-06-03T11:59:56","modified_gmt":"2019-06-03T09:59:56","slug":"termetet-skemi-ushqime-e-shtreter-sherri-me-prefektin","status":"publish","type":"post","link":"https:\/\/zjarr.tv\/en\/termetet-skemi-ushqime-e-shtreter-sherri-me-prefektin\/","title":{"rendered":"T\u00ebrmetet\/\u201dS\u2019kemi ushqime e shtret\u00ebr\u201d, sherri me prefektin"},"content":{"rendered":"<p>M\u00eb shum\u00eb se 70 t\u00ebrmete kan\u00eb r\u00ebn\u00eb n\u00eb tre dit\u00ebt e fundit n\u00eb juglindje t\u00eb vendit, kryesisht n\u00eb Qarkun e Kor\u00e7\u00ebs, aty ku edhe d\u00ebmet materiale jan\u00eb m\u00eb t\u00eb m\u00ebdha.<\/p>\n<p>Por nd\u00ebrsa ushtria ka shp\u00ebrndar\u00eb ushqime, \u00e7adra e shtret\u00ebr p\u00ebr t\u2019ju ardhur n\u00eb ndihm\u00eb banor\u00ebve q\u00eb iu jan\u00eb d\u00ebmtuar banesat, n\u00eb Floq duket se ka ende probleme.<\/p>\n<p>Sot n\u00eb zon\u00eb ka pasur tensione e debate mes banor\u00ebve dhe prefektit t\u00eb Kor\u00e7\u00ebs, Dhori Spirollari. Nd\u00ebrsa ky i fundit ka shkuar t\u2019i takoj\u00eb, ata i jan\u00eb hak\u00ebrryer p\u00ebr situat\u00ebn ku ndodhen.<\/p>\n<p>Banor\u00ebt thon\u00eb se nuk jan\u00eb furnizuar as me ushqime dhe as me shtret\u00ebr.<\/p>\n<p>M\u00ebsohet se aktualisht n\u00eb \u00e7adra po i kalojn\u00eb dit\u00ebt m\u00eb shum\u00eb se 200 persona. Por sipas banor\u00ebve, \u00ebsht\u00eb e paparanueshme q\u00eb n\u00eb nj\u00eb \u00e7ad\u00ebr t\u00eb flen\u00eb m\u00eb shum\u00eb se 25 banor\u00eb.<\/p>","protected":false},"excerpt":{"rendered":"<p>M\u00eb shum\u00eb se 70 t\u00ebrmete kan\u00eb r\u00ebn\u00eb n\u00eb tre dit\u00ebt e fundit n\u00eb juglindje t\u00eb vendit, kryesisht n\u00eb Qarkun e Kor\u00e7\u00ebs, aty ku edhe d\u00ebmet materiale jan\u00eb m\u00eb t\u00eb m\u00ebdha. Por nd\u00ebrsa ushtria ka shp\u00ebrndar\u00eb ushqime, \u00e7adra e shtret\u00ebr p\u00ebr t\u2019ju ardhur n\u00eb ndihm\u00eb banor\u00ebve q\u00eb iu jan\u00eb d\u00ebmtuar banesat, n\u00eb Floq duket se ka [&hellip;]<\/p>\n","protected":false},"author":4,"featured_media":87441,"comment_status":"open","ping_status":"closed","sticky":false,"template":"","format":"standard","meta":{"footnotes":""},"categories":[241,231,235],"tags":[],"class_list":{"0":"post-87440","1":"post","2":"type-post","3":"status-publish","4":"format-standard","5":"has-post-thumbnail","7":"category-aktualitet","8":"category-lajme","9":"category-vendi"},"_links":{"self":[{"href":"https:\/\/zjarr.tv\/en\/wp-json\/wp\/v2\/posts\/87440","targetHints":{"allow":["GET"]}}],"collection":[{"href":"https:\/\/zjarr.tv\/en\/wp-json\/wp\/v2\/posts"}],"about":[{"href":"https:\/\/zjarr.tv\/en\/wp-json\/wp\/v2\/types\/post"}],"author":[{"embeddable":true,"href":"https:\/\/zjarr.tv\/en\/wp-json\/wp\/v2\/users\/4"}],"replies":[{"embeddable":true,"href":"https:\/\/zjarr.tv\/en\/wp-json\/wp\/v2\/comments?post=87440"}],"version-history":[{"count":0,"href":"https:\/\/zjarr.tv\/en\/wp-json\/wp\/v2\/posts\/87440\/revisions"}],"wp:featuredmedia":[{"embeddable":true,"href":"https:\/\/zjarr.tv\/en\/wp-json\/wp\/v2\/media\/87441"}],"wp:attachment":[{"href":"https:\/\/zjarr.tv\/en\/wp-json\/wp\/v2\/media?parent=87440"}],"wp:term":[{"taxonomy":"category","embeddable":true,"href":"https:\/\/zjarr.tv\/en\/wp-json\/wp\/v2\/categories?post=87440"},{"taxonomy":"post_tag","embeddable":true,"href":"https:\/\/zjarr.tv\/en\/wp-json\/wp\/v2\/tags?post=87440"}],"curies":[{"name":"wp","href":"https:\/\/api.w.org\/{rel}","templated":true}]}}