{"id":87443,"date":"2019-06-03T12:01:21","date_gmt":"2019-06-03T10:01:21","guid":{"rendered":"https:\/\/zjarr.tv\/?p=87443"},"modified":"2019-06-03T12:01:21","modified_gmt":"2019-06-03T10:01:21","slug":"dosja-339-dorezohet-te-krimet-e-renda-12-te-pandehur","status":"publish","type":"post","link":"https:\/\/zjarr.tv\/en\/dosja-339-dorezohet-te-krimet-e-renda-12-te-pandehur\/","title":{"rendered":"Dosja 339 dor\u00ebzohet te Krimet e R\u00ebnda, 12 t\u00eb pandehur\u00a0"},"content":{"rendered":"<p style=\"line-height: 24.0pt;margin: 0in 0in 22.5pt 0in\"><span style=\"font-size: 11.0pt;color: #18191a\">Dor\u00ebzohet n\u00eb Gjykat\u00ebn p\u00ebr Krime t\u00eb R\u00ebnda pjesa e par\u00eb e dosjes voluminoze 339, e hapur n\u00eb vitin 2016, ku jan\u00eb p\u00ebrcaktuar 12 t\u00eb pandehur nga Prokuroria.<\/span><\/p>\n<p style=\"line-height: 24.0pt;text-align: start;margin: 0in 0in 22.5pt 0in\"><span style=\"font-size: 11.0pt;color: #18191a\">Shorti ka p\u00ebrcaktuar gjyqtarin Fran Prendi p\u00ebr seanc\u00ebn paraprake, e cila do t\u00eb p\u00ebrcaktoj\u00eb n\u00ebse kjo dosje do t\u00eb kaloj\u00eb p\u00ebr gjykim ose je.<\/span><\/p>\n<p style=\"line-height: 24.0pt;margin: 0in 0in 22.5pt 0in\"><span style=\"font-size: 11.0pt;color: #18191a\">T\u00eb pandehur n\u00eb k\u00ebt\u00eb dosje jan\u00eb: Ramadan Dushaj, Rezart \u00c7a\u00e7ani, Fatbardh Gostini, Neritan Sara\u00e7i, Ardit Haxhagiqi, Gentjan Marku, Oltion Noka, Fation Marku, Samuel Ndoka, Vilson Ndoka, Elis Guri, Luan Bo\u00e7a.<\/span><\/p>\n<p style=\"line-height: 24.0pt;text-align: start;margin: 0in 0in 22.5pt 0in\"><span style=\"font-size: 11.0pt;color: #18191a\">Nd\u00ebrkoh\u00eb, n\u00eb hetim vijon jet\u00eb nga Prokuroria dosja 339\/1, e cila heton shit-blerjen e votave, aty ku akuzohet t\u00eb ket\u00eb folur me an\u00ebtarin e grupit t\u00eb drog\u00ebs s\u00eb Shijakt, edhe kryebashkiaku i Durr\u00ebsit, Vangjush Dako.<\/span><\/p>","protected":false},"excerpt":{"rendered":"<p>Dor\u00ebzohet n\u00eb Gjykat\u00ebn p\u00ebr Krime t\u00eb R\u00ebnda pjesa e par\u00eb e dosjes voluminoze 339, e hapur n\u00eb vitin 2016, ku jan\u00eb p\u00ebrcaktuar 12 t\u00eb pandehur nga Prokuroria. Shorti ka p\u00ebrcaktuar gjyqtarin Fran Prendi p\u00ebr seanc\u00ebn paraprake, e cila do t\u00eb p\u00ebrcaktoj\u00eb n\u00ebse kjo dosje do t\u00eb kaloj\u00eb p\u00ebr gjykim ose je. T\u00eb pandehur n\u00eb k\u00ebt\u00eb [&hellip;]<\/p>\n","protected":false},"author":4,"featured_media":87444,"comment_status":"open","ping_status":"closed","sticky":false,"template":"","format":"standard","meta":{"footnotes":""},"categories":[241,231,235],"tags":[],"class_list":{"0":"post-87443","1":"post","2":"type-post","3":"status-publish","4":"format-standard","5":"has-post-thumbnail","7":"category-aktualitet","8":"category-lajme","9":"category-vendi"},"_links":{"self":[{"href":"https:\/\/zjarr.tv\/en\/wp-json\/wp\/v2\/posts\/87443","targetHints":{"allow":["GET"]}}],"collection":[{"href":"https:\/\/zjarr.tv\/en\/wp-json\/wp\/v2\/posts"}],"about":[{"href":"https:\/\/zjarr.tv\/en\/wp-json\/wp\/v2\/types\/post"}],"author":[{"embeddable":true,"href":"https:\/\/zjarr.tv\/en\/wp-json\/wp\/v2\/users\/4"}],"replies":[{"embeddable":true,"href":"https:\/\/zjarr.tv\/en\/wp-json\/wp\/v2\/comments?post=87443"}],"version-history":[{"count":0,"href":"https:\/\/zjarr.tv\/en\/wp-json\/wp\/v2\/posts\/87443\/revisions"}],"wp:featuredmedia":[{"embeddable":true,"href":"https:\/\/zjarr.tv\/en\/wp-json\/wp\/v2\/media\/87444"}],"wp:attachment":[{"href":"https:\/\/zjarr.tv\/en\/wp-json\/wp\/v2\/media?parent=87443"}],"wp:term":[{"taxonomy":"category","embeddable":true,"href":"https:\/\/zjarr.tv\/en\/wp-json\/wp\/v2\/categories?post=87443"},{"taxonomy":"post_tag","embeddable":true,"href":"https:\/\/zjarr.tv\/en\/wp-json\/wp\/v2\/tags?post=87443"}],"curies":[{"name":"wp","href":"https:\/\/api.w.org\/{rel}","templated":true}]}}