{"id":87456,"date":"2019-06-03T13:57:45","date_gmt":"2019-06-03T11:57:45","guid":{"rendered":"https:\/\/zjarr.tv\/?p=87456"},"modified":"2019-06-03T13:57:45","modified_gmt":"2019-06-03T11:57:45","slug":"caktohet-gjyqtarja-paraprake-e-dosjes-se-613-kg-kokaine","status":"publish","type":"post","link":"https:\/\/zjarr.tv\/en\/caktohet-gjyqtarja-paraprake-e-dosjes-se-613-kg-kokaine\/","title":{"rendered":"Caktohet gjyqtarja paraprake e dosjes s\u00eb 613 kg kokain\u00eb"},"content":{"rendered":"<p>Caktohet gjyqtarja paraprake p\u00ebr dosjen e trafikut t\u00eb 613 kg kokain\u00eb, me t\u00eb pandehurit Arb\u00ebr \u00c7ekaj, Donaldo Lushaj dhe Armando Pezaku.<\/p>\n<p>Nga shorti \u00ebsht\u00eb p\u00ebrcaktuar gjyqtarja Miliana Mu\u00e7a, nd\u00ebrsa seanca paraprake p\u00ebr k\u00ebt\u00eb dosje \u00ebsht\u00eb vendosur t\u00eb jet\u00eb n\u00eb dat\u00ebn 7 qershor, n\u00eb or\u00ebn 12.00.<\/p>\n<p>Arb\u00ebr \u00c7ekaj ndodhet m\u00eb Gjermani dhe pritet t\u00eb gjykohet n\u00eb munges\u00eb. Sasia e kokain\u00ebs u kap n\u00eb Maminas vitin e kaluar<\/p>\n<p>M\u00ebsohet se prokuroria \u00ebsht\u00eb n\u00eb pritje t\u00eb dy let\u00ebrporosive, nj\u00ebra prej t\u00eb cilave nga Ekuadori. Autoriteteve t\u00eb huaja u \u00ebsht\u00eb k\u00ebrkuar informacion lidhur me dy sasi t\u00eb ndryshme kokaine t\u00eb kapura n\u00eb Ekuador n\u00eb periudha kohore t\u00eb ndryshme.<\/p>\n<p>&nbsp;<\/p>","protected":false},"excerpt":{"rendered":"<p>Caktohet gjyqtarja paraprake p\u00ebr dosjen e trafikut t\u00eb 613 kg kokain\u00eb, me t\u00eb pandehurit Arb\u00ebr \u00c7ekaj, Donaldo Lushaj dhe Armando Pezaku. Nga shorti \u00ebsht\u00eb p\u00ebrcaktuar gjyqtarja Miliana Mu\u00e7a, nd\u00ebrsa seanca paraprake p\u00ebr k\u00ebt\u00eb dosje \u00ebsht\u00eb vendosur t\u00eb jet\u00eb n\u00eb dat\u00ebn 7 qershor, n\u00eb or\u00ebn 12.00. Arb\u00ebr \u00c7ekaj ndodhet m\u00eb Gjermani dhe pritet t\u00eb gjykohet n\u00eb [&hellip;]<\/p>\n","protected":false},"author":2013,"featured_media":87457,"comment_status":"open","ping_status":"closed","sticky":false,"template":"","format":"standard","meta":{"footnotes":""},"categories":[241,235],"tags":[],"class_list":{"0":"post-87456","1":"post","2":"type-post","3":"status-publish","4":"format-standard","5":"has-post-thumbnail","7":"category-aktualitet","8":"category-vendi"},"_links":{"self":[{"href":"https:\/\/zjarr.tv\/en\/wp-json\/wp\/v2\/posts\/87456","targetHints":{"allow":["GET"]}}],"collection":[{"href":"https:\/\/zjarr.tv\/en\/wp-json\/wp\/v2\/posts"}],"about":[{"href":"https:\/\/zjarr.tv\/en\/wp-json\/wp\/v2\/types\/post"}],"author":[{"embeddable":true,"href":"https:\/\/zjarr.tv\/en\/wp-json\/wp\/v2\/users\/2013"}],"replies":[{"embeddable":true,"href":"https:\/\/zjarr.tv\/en\/wp-json\/wp\/v2\/comments?post=87456"}],"version-history":[{"count":0,"href":"https:\/\/zjarr.tv\/en\/wp-json\/wp\/v2\/posts\/87456\/revisions"}],"wp:featuredmedia":[{"embeddable":true,"href":"https:\/\/zjarr.tv\/en\/wp-json\/wp\/v2\/media\/87457"}],"wp:attachment":[{"href":"https:\/\/zjarr.tv\/en\/wp-json\/wp\/v2\/media?parent=87456"}],"wp:term":[{"taxonomy":"category","embeddable":true,"href":"https:\/\/zjarr.tv\/en\/wp-json\/wp\/v2\/categories?post=87456"},{"taxonomy":"post_tag","embeddable":true,"href":"https:\/\/zjarr.tv\/en\/wp-json\/wp\/v2\/tags?post=87456"}],"curies":[{"name":"wp","href":"https:\/\/api.w.org\/{rel}","templated":true}]}}