{"id":87459,"date":"2019-06-03T14:01:14","date_gmt":"2019-06-03T12:01:14","guid":{"rendered":"https:\/\/zjarr.tv\/?p=87459"},"modified":"2019-06-03T14:01:14","modified_gmt":"2019-06-03T12:01:14","slug":"kerkesa-per-rikthimin-e-vizave-hajdari-kerkon-shpjegime-nga-ambasadorja-e-holandes","status":"publish","type":"post","link":"https:\/\/zjarr.tv\/en\/kerkesa-per-rikthimin-e-vizave-hajdari-kerkon-shpjegime-nga-ambasadorja-e-holandes\/","title":{"rendered":"K\u00ebrkesa p\u00ebr rikthimin e vizave, Hajdari k\u00ebrkon shpjegime nga ambasadorja e Holand\u00ebs"},"content":{"rendered":"<p>Deputetja Rudina Hajdari k\u00ebrkon q\u00eb n\u00eb Komisionin e Integrimit t\u00eb vij\u00eb ambasadorja e Holand\u00ebs n\u00eb vendin ton\u00eb p\u00ebr t\u00eb dh\u00ebn\u00eb shpjegime p\u00ebr k\u00ebrkes\u00ebn q\u00eb Holanda i ka b\u00ebr\u00eb KE p\u00ebr rivendosjen e vizave Shqip\u00ebris\u00eb.<\/p>\n<p><em>&#8220;Prej saj do k\u00ebrkojm\u00eb nj\u00eb raport me shifra ekzakte q\u00eb t\u00eb shikojm\u00eb \u00e7far\u00eb ka ndodhur n\u00eb Holande n\u00eb lidhje me rritjen e kriminalitetit shqiptar n\u00eb Holand\u00eb&#8221;,<\/em>\u00a0tha th\u00ebn\u00eb deputetja Hajdari.<\/p>\n<p>Tre dit\u00eb m\u00eb par\u00eb qeveria holandeze i \u00ebsht\u00eb drejtuar me nj\u00eb let\u00ebr njoftuese Komisionit Europian ku i k\u00ebrkohet t\u00eb shqyrtoj\u00eb informacionin e d\u00ebrguar nga Hollanda lidhur me rikthimin e vizave p\u00ebr shqiptar\u00ebt.<\/p>\n<p><em>&#8220;P\u00ebr ta ekzekutuar k\u00ebt\u00eb mocion, qeveria Holandeze i d\u00ebrgoi nj\u00eb let\u00ebr njoftuese Komisionit Europian n\u00eb dat\u00ebn 31 Maj. N\u00eb vijim t\u00eb letr\u00ebs njoftuese, Komisioni Europian do t\u00eb vler\u00ebsoj\u00eb n\u00ebse do t\u00eb ket\u00eb nevoj\u00eb p\u00ebr t\u00eb nd\u00ebrmarr\u00eb veprim. Komisoni do t\u00eb informoj\u00eb Parlamentin Europian dhe K\u00ebshillin Europian mbi rezultatet e k\u00ebtij vler\u00ebsimi,&#8221;\u00a0<\/em>sqaron ambasada holandeze<em>.<\/em><\/p>\n<p>&nbsp;<\/p>","protected":false},"excerpt":{"rendered":"<p>Deputetja Rudina Hajdari k\u00ebrkon q\u00eb n\u00eb Komisionin e Integrimit t\u00eb vij\u00eb ambasadorja e Holand\u00ebs n\u00eb vendin ton\u00eb p\u00ebr t\u00eb dh\u00ebn\u00eb shpjegime p\u00ebr k\u00ebrkes\u00ebn q\u00eb Holanda i ka b\u00ebr\u00eb KE p\u00ebr rivendosjen e vizave Shqip\u00ebris\u00eb. &#8220;Prej saj do k\u00ebrkojm\u00eb nj\u00eb raport me shifra ekzakte q\u00eb t\u00eb shikojm\u00eb \u00e7far\u00eb ka ndodhur n\u00eb Holande n\u00eb lidhje me rritjen [&hellip;]<\/p>\n","protected":false},"author":2013,"featured_media":77012,"comment_status":"open","ping_status":"closed","sticky":false,"template":"","format":"standard","meta":{"footnotes":""},"categories":[241,235],"tags":[],"class_list":{"0":"post-87459","1":"post","2":"type-post","3":"status-publish","4":"format-standard","5":"has-post-thumbnail","7":"category-aktualitet","8":"category-vendi"},"_links":{"self":[{"href":"https:\/\/zjarr.tv\/en\/wp-json\/wp\/v2\/posts\/87459","targetHints":{"allow":["GET"]}}],"collection":[{"href":"https:\/\/zjarr.tv\/en\/wp-json\/wp\/v2\/posts"}],"about":[{"href":"https:\/\/zjarr.tv\/en\/wp-json\/wp\/v2\/types\/post"}],"author":[{"embeddable":true,"href":"https:\/\/zjarr.tv\/en\/wp-json\/wp\/v2\/users\/2013"}],"replies":[{"embeddable":true,"href":"https:\/\/zjarr.tv\/en\/wp-json\/wp\/v2\/comments?post=87459"}],"version-history":[{"count":0,"href":"https:\/\/zjarr.tv\/en\/wp-json\/wp\/v2\/posts\/87459\/revisions"}],"wp:featuredmedia":[{"embeddable":true,"href":"https:\/\/zjarr.tv\/en\/wp-json\/wp\/v2\/media\/77012"}],"wp:attachment":[{"href":"https:\/\/zjarr.tv\/en\/wp-json\/wp\/v2\/media?parent=87459"}],"wp:term":[{"taxonomy":"category","embeddable":true,"href":"https:\/\/zjarr.tv\/en\/wp-json\/wp\/v2\/categories?post=87459"},{"taxonomy":"post_tag","embeddable":true,"href":"https:\/\/zjarr.tv\/en\/wp-json\/wp\/v2\/tags?post=87459"}],"curies":[{"name":"wp","href":"https:\/\/api.w.org\/{rel}","templated":true}]}}